{"id":478,"date":"2022-11-15T10:51:32","date_gmt":"2022-11-15T09:51:32","guid":{"rendered":"https:\/\/guentherundwagner.de\/wagner\/?p=478"},"modified":"2025-02-21T08:26:22","modified_gmt":"2025-02-21T07:26:22","slug":"teigdesaster","status":"publish","type":"post","link":"https:\/\/guentherundwagner.de\/wagner\/aktion\/teigdesaster\/","title":{"rendered":"Teigdesaster"},"content":{"rendered":"<p><img decoding=\"async\" src=\"\/wagner\/wp-content\/uploads\/sites\/3\/2022\/10\/teigdesaster.jpg\" alt=\"\"><\/p>\n<h1>\n<h2>Teigdesaster, 2015<\/h2>\n<\/h1>\n<div>\n<h5>Aktion in Kooperation mit Judith Samen im Kunstraum &#8222;B\u00e4ckerei&#8220;, Berlin<\/h5>\n<\/p>\n<\/div>\n<ul>\n<li>\n<p>        <img decoding=\"async\" src=\"\/wagner\/wp-content\/uploads\/sites\/3\/2022\/12\/Teigdesaster-01986.jpg\" alt=\"\"><\/p>\n<h3>Teigdesaster-01986<\/h3>\n<\/li>\n<li>\n<p>        <img decoding=\"async\" src=\"\/wagner\/wp-content\/uploads\/sites\/3\/2022\/12\/Teigdesaster-01998.jpg\" alt=\"\"><\/p>\n<h3>Teigdesaster-01998<\/h3>\n<\/li>\n<\/ul>\n<hr>\n<div>\n<p>2 x Aktion mit Teig; selbstt\u00e4tiges Flie\u00dfen und aktives Handanlegen<\/p>\n<\/div>\n<ul>\n<li>\n<p>        <img decoding=\"async\" src=\"\/wagner\/wp-content\/uploads\/sites\/3\/2022\/11\/Teigdesaster-0110.jpg\" alt=\"\"><\/p>\n<h3>Teigdesaster-0110<\/h3>\n<\/li>\n<li>\n<p>        <img decoding=\"async\" src=\"\/wagner\/wp-content\/uploads\/sites\/3\/2022\/11\/Teigdesaster-02027.jpg\" alt=\"\"><\/p>\n<h3>Teigdesaster-02027<\/h3>\n<\/li>\n<li>\n<p>        <img decoding=\"async\" src=\"\/wagner\/wp-content\/uploads\/sites\/3\/2022\/11\/Teigdesaster-0048.jpg\" alt=\"\"><\/p>\n<h3>Teigdesaster-0048<\/h3>\n<\/li>\n<li>\n<p>        <img decoding=\"async\" src=\"\/wagner\/wp-content\/uploads\/sites\/3\/2022\/11\/Teigdesaster--scaled.jpg\" alt=\"\"><\/p>\n<h3>Teigdesaster-<\/h3>\n<\/li>\n<\/ul>\n<hr>\n<ul>\n<li>\n<p>        <img decoding=\"async\" src=\"\/wagner\/wp-content\/uploads\/sites\/3\/2022\/11\/Teigdesaster-3658-scaled.jpg\" alt=\"\"><\/p>\n<h3>Teigdesaster-3658<\/h3>\n<\/li>\n<li>\n<p>        <img decoding=\"async\" src=\"\/wagner\/wp-content\/uploads\/sites\/3\/2022\/11\/Teigdesaster-3641.jpg\" alt=\"\"><\/p>\n<h3>Teigdesaster-3641<\/h3>\n<\/li>\n<li>\n<p>        <img decoding=\"async\" src=\"\/wagner\/wp-content\/uploads\/sites\/3\/2022\/11\/Teigdesaster-3635.jpg\" alt=\"\"><\/p>\n<h3>Teigdesaster-3635<\/h3>\n<\/li>\n<\/ul>\n<p><!--more--><br \/>\n<!-- {\"type\":\"layout\",\"children\":[{\"type\":\"section\",\"props\":{\"style\":\"default\",\"width\":\"default\",\"vertical_align\":\"middle\",\"title_position\":\"top-left\",\"title_rotation\":\"left\",\"title_breakpoint\":\"xl\",\"image_position\":\"center-center\"},\"children\":[{\"type\":\"row\",\"children\":[{\"type\":\"column\",\"props\":{\"position_sticky_breakpoint\":\"m\",\"image_position\":\"center-center\",\"media_overlay_gradient\":\"\"},\"children\":[{\"type\":\"image\",\"props\":{\"margin\":\"default\",\"image_svg_color\":\"emphasis\",\"image\":\"wp-content\\\/uploads\\\/sites\\\/3\\\/2022\\\/10\\\/teigdesaster.jpg\"}},{\"type\":\"headline\",\"props\":{\"title_element\":\"h1\",\"content\":\"\n\n<h2>Teigdesaster, 2015<\\\/h2>\"}},{\"type\":\"text\",\"props\":{\"margin\":\"default\",\"column_breakpoint\":\"m\",\"content\":\"\n\n<h5>Aktion in Kooperation mit Judith Samen im Kunstraum \\\"B\\u00e4ckerei\\\", Berlin<\\\/h5>\\n\n\n<p><\\\/p>\"}},{\"type\":\"gallery\",\"props\":{\"show_title\":false,\"show_meta\":true,\"show_content\":true,\"show_link\":true,\"show_hover_image\":true,\"grid_default\":\"1\",\"grid_medium\":\"2\",\"filter_style\":\"tab\",\"filter_all\":true,\"filter_position\":\"top\",\"filter_align\":\"left\",\"filter_grid_width\":\"auto\",\"filter_grid_breakpoint\":\"m\",\"overlay_mode\":\"cover\",\"overlay_hover\":true,\"overlay_style\":\"overlay-primary\",\"text_color\":\"dark\",\"overlay_position\":\"center\",\"overlay_transition\":\"fade\",\"title_hover_style\":\"reset\",\"title_element\":\"h3\",\"meta_style\":\"meta\",\"meta_align\":\"below-title\",\"meta_element\":\"div\",\"link_text\":\"Klicke hier\",\"link_style\":\"default\",\"text_align\":\"center\",\"margin\":\"default\",\"item_animation\":true,\"lightbox\":true},\"children\":[{\"type\":\"gallery_item\",\"props\":{\"title\":\"Teigdesaster-01986\",\"image\":\"wp-content\\\/uploads\\\/sites\\\/3\\\/2022\\\/12\\\/Teigdesaster-01986.jpg\"}},{\"type\":\"gallery_item\",\"props\":{\"title\":\"Teigdesaster-01998\",\"image\":\"wp-content\\\/uploads\\\/sites\\\/3\\\/2022\\\/12\\\/Teigdesaster-01998.jpg\"}}]},{\"type\":\"divider\",\"props\":{\"divider_element\":\"hr\"}},{\"type\":\"text\",\"props\":{\"margin\":\"default\",\"column_breakpoint\":\"m\",\"content\":\"\n\n<p>2 x Aktion mit Teig; selbstt\\u00e4tiges Flie\\u00dfen und aktives Handanlegen<\\\/p>\"}},{\"type\":\"slideshow\",\"props\":{\"show_title\":false,\"show_meta\":true,\"show_content\":true,\"show_link\":true,\"show_thumbnail\":true,\"slideshow_min_height\":300,\"slideshow_autoplay_pause\":true,\"nav\":\"dotnav\",\"nav_position\":\"bottom-center\",\"nav_position_margin\":\"medium\",\"nav_align\":\"center\",\"nav_breakpoint\":\"s\",\"thumbnav_width\":\"100\",\"thumbnav_height\":\"75\",\"thumbnav_svg_color\":\"emphasis\",\"slidenav\":\"default\",\"slidenav_margin\":\"medium\",\"slidenav_breakpoint\":\"s\",\"slidenav_outside_breakpoint\":\"xl\",\"overlay_position\":\"center-left\",\"overlay_animation\":\"parallax\",\"title_element\":\"h3\",\"meta_style\":\"meta\",\"meta_align\":\"below-title\",\"meta_element\":\"div\",\"link_text\":\"Read more\",\"link_style\":\"default\",\"margin\":\"default\",\"nav_below\":true},\"children\":[{\"type\":\"slideshow_item\",\"props\":{\"title\":\"Teigdesaster-0110\",\"image\":\"wp-content\\\/uploads\\\/sites\\\/3\\\/2022\\\/11\\\/Teigdesaster-0110.jpg\"}},{\"type\":\"slideshow_item\",\"props\":{\"title\":\"Teigdesaster-02027\",\"image\":\"wp-content\\\/uploads\\\/sites\\\/3\\\/2022\\\/11\\\/Teigdesaster-02027.jpg\"}},{\"type\":\"slideshow_item\",\"props\":{\"title\":\"Teigdesaster-0048\",\"image\":\"wp-content\\\/uploads\\\/sites\\\/3\\\/2022\\\/11\\\/Teigdesaster-0048.jpg\"}},{\"type\":\"slideshow_item\",\"props\":{\"title\":\"Teigdesaster-\",\"image\":\"wp-content\\\/uploads\\\/sites\\\/3\\\/2022\\\/11\\\/Teigdesaster--scaled.jpg\"}}]},{\"type\":\"divider\",\"props\":{\"divider_element\":\"hr\"}},{\"type\":\"slideshow\",\"props\":{\"show_title\":false,\"show_meta\":true,\"show_content\":true,\"show_link\":true,\"show_thumbnail\":true,\"slideshow_min_height\":300,\"slideshow_autoplay_pause\":true,\"nav\":\"dotnav\",\"nav_position\":\"bottom-center\",\"nav_position_margin\":\"medium\",\"nav_align\":\"center\",\"nav_breakpoint\":\"s\",\"thumbnav_width\":\"100\",\"thumbnav_height\":\"75\",\"thumbnav_svg_color\":\"emphasis\",\"slidenav\":\"default\",\"slidenav_margin\":\"medium\",\"slidenav_breakpoint\":\"s\",\"slidenav_outside_breakpoint\":\"xl\",\"overlay_position\":\"center-left\",\"overlay_animation\":\"parallax\",\"title_element\":\"h3\",\"meta_style\":\"meta\",\"meta_align\":\"below-title\",\"meta_element\":\"div\",\"link_text\":\"Read more\",\"link_style\":\"default\",\"margin\":\"default\",\"nav_below\":true},\"children\":[{\"type\":\"slideshow_item\",\"props\":{\"title\":\"Teigdesaster-3658\",\"image\":\"wp-content\\\/uploads\\\/sites\\\/3\\\/2022\\\/11\\\/Teigdesaster-3658-scaled.jpg\"}},{\"type\":\"slideshow_item\",\"props\":{\"title\":\"Teigdesaster-3641\",\"image\":\"wp-content\\\/uploads\\\/sites\\\/3\\\/2022\\\/11\\\/Teigdesaster-3641.jpg\"}},{\"type\":\"slideshow_item\",\"props\":{\"title\":\"Teigdesaster-3635\",\"image\":\"wp-content\\\/uploads\\\/sites\\\/3\\\/2022\\\/11\\\/Teigdesaster-3635.jpg\"}}]}]}]}]}],\"version\":\"2.7.21\"} --><\/p>\n","protected":false},"excerpt":{"rendered":"<p>Teigdesaster, 2015 Aktion in Kooperation mit Judith Samen im Kunstraum &#8222;B\u00e4ckerei&#8220;, Berlin Teigdesaster-01986 Teigdesaster-01998 2 x Aktion mit Teig; selbstt\u00e4tiges Flie\u00dfen und aktives Handanlegen Teigdesaster-0110 Teigdesaster-02027 Teigdesaster-0048 Teigdesaster- Teigdesaster-3658 Teigdesaster-3641 Teigdesaster-3635<\/p>\n","protected":false},"author":4,"featured_media":955,"comment_status":"closed","ping_status":"open","sticky":false,"template":"","format":"standard","meta":{"footnotes":""},"categories":[1],"tags":[],"class_list":["post-478","post","type-post","status-publish","format-standard","has-post-thumbnail","hentry","category-aktion"],"_links":{"self":[{"href":"https:\/\/guentherundwagner.de\/wagner\/wp-json\/wp\/v2\/posts\/478","targetHints":{"allow":["GET"]}}],"collection":[{"href":"https:\/\/guentherundwagner.de\/wagner\/wp-json\/wp\/v2\/posts"}],"about":[{"href":"https:\/\/guentherundwagner.de\/wagner\/wp-json\/wp\/v2\/types\/post"}],"author":[{"embeddable":true,"href":"https:\/\/guentherundwagner.de\/wagner\/wp-json\/wp\/v2\/users\/4"}],"replies":[{"embeddable":true,"href":"https:\/\/guentherundwagner.de\/wagner\/wp-json\/wp\/v2\/comments?post=478"}],"version-history":[{"count":10,"href":"https:\/\/guentherundwagner.de\/wagner\/wp-json\/wp\/v2\/posts\/478\/revisions"}],"predecessor-version":[{"id":1255,"href":"https:\/\/guentherundwagner.de\/wagner\/wp-json\/wp\/v2\/posts\/478\/revisions\/1255"}],"wp:featuredmedia":[{"embeddable":true,"href":"https:\/\/guentherundwagner.de\/wagner\/wp-json\/wp\/v2\/media\/955"}],"wp:attachment":[{"href":"https:\/\/guentherundwagner.de\/wagner\/wp-json\/wp\/v2\/media?parent=478"}],"wp:term":[{"taxonomy":"category","embeddable":true,"href":"https:\/\/guentherundwagner.de\/wagner\/wp-json\/wp\/v2\/categories?post=478"},{"taxonomy":"post_tag","embeddable":true,"href":"https:\/\/guentherundwagner.de\/wagner\/wp-json\/wp\/v2\/tags?post=478"}],"curies":[{"name":"wp","href":"https:\/\/api.w.org\/{rel}","templated":true}]}}