{"id":44,"date":"2022-06-10T16:56:50","date_gmt":"2022-06-10T14:56:50","guid":{"rendered":"https:\/\/guentherundwagner.de\/wagner\/?p=44"},"modified":"2025-02-21T08:26:22","modified_gmt":"2025-02-21T07:26:22","slug":"ausstellung-1","status":"publish","type":"post","link":"https:\/\/guentherundwagner.de\/wagner\/projekt\/ausstellung-1\/","title":{"rendered":"Arbeitsessen"},"content":{"rendered":"<ul>\n<li>\n<p>        <img decoding=\"async\" src=\"\/wagner\/wp-content\/uploads\/sites\/3\/2022\/12\/Arbeitsessen-10-6.jpg\" alt=\"\"><\/p>\n<h3>Arbeitsessen-10-6<\/h3>\n<\/li>\n<li>\n<p>        <img decoding=\"async\" src=\"\/wagner\/wp-content\/uploads\/sites\/3\/2022\/12\/Arbeitsessen-6163.jpg\" alt=\"\"><\/p>\n<h3>Arbeitsessen-6163<\/h3>\n<\/li>\n<li>\n<p>        <img decoding=\"async\" src=\"\/wagner\/wp-content\/uploads\/sites\/3\/2022\/12\/Arbeitsessen-6137.jpg\" alt=\"\"><\/p>\n<h3>Arbeitsessen-6137<\/h3>\n<\/li>\n<\/ul>\n<h1>\n<h2>Arbeitsessen, seit 2006<\/h2>\n<\/h1>\n<div>\n<p><em>Arbeitsessen<\/em> ist eine mobile Plattform f\u00fcr Kochen, Essen, Trinken, Geselligkeit und Gespr\u00e4ch. Rezeptgeber und Koch ist J\u00f6rg Wagner. Mit den stattfindenden Bewirtungen initiiert, gestaltet und moderiert er nahrhafte und nachhaltige Dialoge zu wechselnden Themen im Atelier, Garten, B\u00fcro, Kunstraum oder in der Werkstatt. <br \/>J\u00f6rg Wagner bringt neben seinem reiserprobten Herd und einem Speisenplan im Vorfeld recherchierte und mit dem Gastgeber abgesprochene Gespr\u00e4chsanl\u00e4sse mit. Arbeitsessen haben u. a. stattgefunden in: M\u00fcnchen, K\u00f6ln, Darmstadt, Hamburg, Frankfurt, Dresden, Karlsruhe, Berlin und D\u00fcsseldorf.<\/p>\n<\/div>\n<hr>\n<h1>\n<h3>Ein Herd auf Reisen. Einige Einblicke<\/h3>\n<\/h1>\n<ul>\n<li>\n<p>        <img decoding=\"async\" src=\"\/wagner\/wp-content\/uploads\/sites\/3\/2022\/12\/Arbeitsessen-11.jpg\" alt=\"\"><\/p>\n<h3>Arbeitsessen-11<\/h3>\n<\/li>\n<li>\n<p>        <img decoding=\"async\" src=\"\/wagner\/wp-content\/uploads\/sites\/3\/2022\/12\/Arbeitsessen-10-5.jpg\" alt=\"\"><\/p>\n<h3>Arbeitsessen-10-5<\/h3>\n<\/li>\n<li>\n<p>        <img decoding=\"async\" src=\"\/wagner\/wp-content\/uploads\/sites\/3\/2022\/12\/Arbeitsessen-8.jpg\" alt=\"\"><\/p>\n<h3>Arbeitsessen-8<\/h3>\n<\/li>\n<li>\n<p>        <img decoding=\"async\" src=\"\/wagner\/wp-content\/uploads\/sites\/3\/2022\/12\/Arbeitsessen-0469.jpg\" alt=\"\"><\/p>\n<h3>Arbeitsessen-0469<\/h3>\n<\/li>\n<li>\n<p>        <img decoding=\"async\" src=\"\/wagner\/wp-content\/uploads\/sites\/3\/2022\/12\/Arbeitsessen-10-11.jpg\" alt=\"\"><\/p>\n<h3>Arbeitsessen-10-11<\/h3>\n<\/li>\n<li>\n<p>        <img decoding=\"async\" src=\"\/wagner\/wp-content\/uploads\/sites\/3\/2022\/12\/Arbeitsessen-11-4.jpg\" alt=\"\"><\/p>\n<h3>Arbeitsessen-11-4<\/h3>\n<\/li>\n<li>\n<p>        <img decoding=\"async\" src=\"\/wagner\/wp-content\/uploads\/sites\/3\/2022\/12\/Arbeitsessen-0457.jpg\" alt=\"\"><\/p>\n<h3>Arbeitsessen-0457<\/h3>\n<\/li>\n<li>\n<p>        <img decoding=\"async\" src=\"\/wagner\/wp-content\/uploads\/sites\/3\/2022\/12\/Arbeitsessen-11-3.jpg\" alt=\"\"><\/p>\n<h3>Arbeitsessen-11-3<\/h3>\n<\/li>\n<li>\n<p>        <img decoding=\"async\" src=\"\/wagner\/wp-content\/uploads\/sites\/3\/2022\/12\/Arbeitsessen-10-4.jpg\" alt=\"\"><\/p>\n<h3>Arbeitsessen-10-4<\/h3>\n<\/li>\n<li>\n<p>        <img decoding=\"async\" src=\"\/wagner\/wp-content\/uploads\/sites\/3\/2022\/12\/Arbeitsessen-5-4.jpg\" alt=\"\"><\/p>\n<h3>Arbeitsessen-5-4<\/h3>\n<\/li>\n<li>\n<p>        <img decoding=\"async\" src=\"\/wagner\/wp-content\/uploads\/sites\/3\/2022\/12\/Arbeitsessen-10-8.jpg\" alt=\"\"><\/p>\n<h3>Arbeitsessen-10-8<\/h3>\n<\/li>\n<li>\n<p>        <img decoding=\"async\" src=\"\/wagner\/wp-content\/uploads\/sites\/3\/2022\/12\/Arbeitsessen-5-2.jpg\" alt=\"\"><\/p>\n<h3>Arbeitsessen-5-2<\/h3>\n<\/li>\n<li>\n<p>        <img decoding=\"async\" src=\"\/wagner\/wp-content\/uploads\/sites\/3\/2022\/12\/Arbeitsessen-5-5.jpg\" alt=\"\"><\/p>\n<h3>Arbeitsessen-5-5<\/h3>\n<\/li>\n<li>\n<p>        <img decoding=\"async\" src=\"\/wagner\/wp-content\/uploads\/sites\/3\/2022\/12\/Arbeitsessen-11-5.jpg\" alt=\"\"><\/p>\n<h3>Arbeitsessen-11-5<\/h3>\n<\/li>\n<li>\n<p>        <img decoding=\"async\" src=\"\/wagner\/wp-content\/uploads\/sites\/3\/2022\/12\/Arbeitsessen-5-3.jpg\" alt=\"\"><\/p>\n<h3>Arbeitsessen-5-3<\/h3>\n<\/li>\n<li>\n<p>        <img decoding=\"async\" src=\"\/wagner\/wp-content\/uploads\/sites\/3\/2022\/12\/Arbeitsessen-8-2.jpg\" alt=\"\"><\/p>\n<h3>Arbeitsessen-8-2<\/h3>\n<\/li>\n<li>\n<p>        <img decoding=\"async\" src=\"\/wagner\/wp-content\/uploads\/sites\/3\/2022\/12\/Arbeitsessen-1874.jpg\" alt=\"\"><\/p>\n<h3>Arbeitsessen-1874<\/h3>\n<\/li>\n<li>\n<p>        <img decoding=\"async\" src=\"\/wagner\/wp-content\/uploads\/sites\/3\/2022\/12\/Arbeitsessen-4372.jpg\" alt=\"\"><\/p>\n<h3>Arbeitsessen-4372<\/h3>\n<\/li>\n<li>\n<p>        <img decoding=\"async\" src=\"\/wagner\/wp-content\/uploads\/sites\/3\/2022\/12\/Arbeitsessen-2.jpg\" alt=\"\"><\/p>\n<h3>Arbeitsessen-2<\/h3>\n<\/li>\n<li>\n<p>        <img decoding=\"async\" src=\"\/wagner\/wp-content\/uploads\/sites\/3\/2022\/12\/Arbeitsessen-0462.jpg\" alt=\"\"><\/p>\n<h3>Arbeitsessen-0462<\/h3>\n<\/li>\n<\/ul>\n<hr>\n<p><img decoding=\"async\" src=\"\/wagner\/wp-content\/uploads\/sites\/3\/2022\/12\/Arbeitsessen-6204-scaled.jpg\" alt=\"\"><\/p>\n<p><!--more--><br \/>\n<!-- {\"type\":\"layout\",\"children\":[{\"type\":\"section\",\"props\":{\"style\":\"default\",\"width\":\"default\",\"vertical_align\":\"middle\",\"title_position\":\"top-left\",\"title_rotation\":\"left\",\"title_breakpoint\":\"xl\",\"image_position\":\"center-center\"},\"children\":[{\"type\":\"row\",\"children\":[{\"type\":\"column\",\"props\":{\"position_sticky_breakpoint\":\"m\",\"image_position\":\"center-center\",\"media_overlay_gradient\":\"\"},\"children\":[{\"type\":\"gallery\",\"props\":{\"show_title\":false,\"show_meta\":true,\"show_content\":true,\"show_link\":true,\"show_hover_image\":true,\"grid_default\":\"1\",\"grid_medium\":\"3\",\"filter_style\":\"tab\",\"filter_all\":true,\"filter_position\":\"top\",\"filter_align\":\"left\",\"filter_grid_width\":\"auto\",\"filter_grid_breakpoint\":\"m\",\"overlay_mode\":\"cover\",\"overlay_hover\":true,\"overlay_style\":\"overlay-primary\",\"text_color\":\"dark\",\"overlay_position\":\"center\",\"overlay_transition\":\"fade\",\"title_hover_style\":\"reset\",\"title_element\":\"h3\",\"meta_style\":\"meta\",\"meta_align\":\"below-title\",\"meta_element\":\"div\",\"link_text\":\"Klicke hier\",\"link_style\":\"default\",\"text_align\":\"center\",\"margin\":\"default\",\"item_animation\":true,\"lightbox\":true},\"children\":[{\"type\":\"gallery_item\",\"props\":{\"title\":\"Arbeitsessen-10-6\",\"image\":\"wp-content\\\/uploads\\\/sites\\\/3\\\/2022\\\/12\\\/Arbeitsessen-10-6.jpg\"}},{\"type\":\"gallery_item\",\"props\":{\"title\":\"Arbeitsessen-6163\",\"image\":\"wp-content\\\/uploads\\\/sites\\\/3\\\/2022\\\/12\\\/Arbeitsessen-6163.jpg\"}},{\"type\":\"gallery_item\",\"props\":{\"title\":\"Arbeitsessen-6137\",\"image\":\"wp-content\\\/uploads\\\/sites\\\/3\\\/2022\\\/12\\\/Arbeitsessen-6137.jpg\"}}]},{\"type\":\"headline\",\"props\":{\"title_element\":\"h1\",\"content\":\"\n\n<h2>Arbeitsessen, seit 2006<\\\/h2>\"}},{\"type\":\"text\",\"props\":{\"margin\":\"default\",\"column_breakpoint\":\"m\",\"content\":\"\n\n<p><em>Arbeitsessen<\\\/em> ist eine mobile Plattform f\\u00fcr Kochen, Essen, Trinken, Geselligkeit und Gespr\\u00e4ch. Rezeptgeber und Koch ist J\\u00f6rg Wagner. Mit den stattfindenden Bewirtungen initiiert, gestaltet und moderiert er nahrhafte und nachhaltige Dialoge zu wechselnden Themen im Atelier, Garten, B\\u00fcro, Kunstraum oder in der Werkstatt. <br \\\/>J\\u00f6rg Wagner bringt neben seinem reiserprobten Herd und einem Speisenplan im Vorfeld recherchierte und mit dem Gastgeber abgesprochene Gespr\\u00e4chsanl\\u00e4sse mit. Arbeitsessen haben u. a. stattgefunden in: M\\u00fcnchen, K\\u00f6ln, Darmstadt, Hamburg, Frankfurt, Dresden, Karlsruhe, Berlin und D\\u00fcsseldorf.<\\\/p>\"}},{\"type\":\"divider\",\"props\":{\"divider_element\":\"hr\"}},{\"type\":\"headline\",\"props\":{\"title_element\":\"h1\",\"content\":\"\n\n<h3>Ein Herd auf Reisen. Einige Einblicke<\\\/h3>\"}},{\"type\":\"gallery\",\"props\":{\"show_title\":false,\"show_meta\":true,\"show_content\":true,\"show_link\":true,\"show_hover_image\":true,\"grid_default\":\"1\",\"grid_medium\":\"4\",\"filter_style\":\"tab\",\"filter_all\":true,\"filter_position\":\"top\",\"filter_align\":\"left\",\"filter_grid_width\":\"auto\",\"filter_grid_breakpoint\":\"m\",\"overlay_mode\":\"cover\",\"overlay_hover\":true,\"overlay_style\":\"overlay-primary\",\"text_color\":\"dark\",\"overlay_position\":\"center\",\"overlay_transition\":\"fade\",\"title_hover_style\":\"reset\",\"title_element\":\"h3\",\"meta_style\":\"meta\",\"meta_align\":\"below-title\",\"meta_element\":\"div\",\"link_text\":\"Klicke hier\",\"link_style\":\"default\",\"text_align\":\"center\",\"margin\":\"default\",\"item_animation\":true,\"lightbox\":true},\"children\":[{\"type\":\"gallery_item\",\"props\":{\"title\":\"Arbeitsessen-11\",\"image\":\"wp-content\\\/uploads\\\/sites\\\/3\\\/2022\\\/12\\\/Arbeitsessen-11.jpg\"}},{\"type\":\"gallery_item\",\"props\":{\"title\":\"Arbeitsessen-10-5\",\"image\":\"wp-content\\\/uploads\\\/sites\\\/3\\\/2022\\\/12\\\/Arbeitsessen-10-5.jpg\"}},{\"type\":\"gallery_item\",\"props\":{\"title\":\"Arbeitsessen-8\",\"image\":\"wp-content\\\/uploads\\\/sites\\\/3\\\/2022\\\/12\\\/Arbeitsessen-8.jpg\"}},{\"type\":\"gallery_item\",\"props\":{\"title\":\"Arbeitsessen-0469\",\"image\":\"wp-content\\\/uploads\\\/sites\\\/3\\\/2022\\\/12\\\/Arbeitsessen-0469.jpg\"}},{\"type\":\"gallery_item\",\"props\":{\"title\":\"Arbeitsessen-10-11\",\"image\":\"wp-content\\\/uploads\\\/sites\\\/3\\\/2022\\\/12\\\/Arbeitsessen-10-11.jpg\"}},{\"type\":\"gallery_item\",\"props\":{\"title\":\"Arbeitsessen-11-4\",\"image\":\"wp-content\\\/uploads\\\/sites\\\/3\\\/2022\\\/12\\\/Arbeitsessen-11-4.jpg\"}},{\"type\":\"gallery_item\",\"props\":{\"title\":\"Arbeitsessen-0457\",\"image\":\"wp-content\\\/uploads\\\/sites\\\/3\\\/2022\\\/12\\\/Arbeitsessen-0457.jpg\"}},{\"type\":\"gallery_item\",\"props\":{\"title\":\"Arbeitsessen-11-3\",\"image\":\"wp-content\\\/uploads\\\/sites\\\/3\\\/2022\\\/12\\\/Arbeitsessen-11-3.jpg\"}},{\"type\":\"gallery_item\",\"props\":{\"title\":\"Arbeitsessen-10-4\",\"image\":\"wp-content\\\/uploads\\\/sites\\\/3\\\/2022\\\/12\\\/Arbeitsessen-10-4.jpg\"}},{\"type\":\"gallery_item\",\"props\":{\"title\":\"Arbeitsessen-5-4\",\"image\":\"wp-content\\\/uploads\\\/sites\\\/3\\\/2022\\\/12\\\/Arbeitsessen-5-4.jpg\"}},{\"type\":\"gallery_item\",\"props\":{\"title\":\"Arbeitsessen-10-8\",\"image\":\"wp-content\\\/uploads\\\/sites\\\/3\\\/2022\\\/12\\\/Arbeitsessen-10-8.jpg\"}},{\"type\":\"gallery_item\",\"props\":{\"title\":\"Arbeitsessen-5-2\",\"image\":\"wp-content\\\/uploads\\\/sites\\\/3\\\/2022\\\/12\\\/Arbeitsessen-5-2.jpg\"}},{\"type\":\"gallery_item\",\"props\":{\"title\":\"Arbeitsessen-5-5\",\"image\":\"wp-content\\\/uploads\\\/sites\\\/3\\\/2022\\\/12\\\/Arbeitsessen-5-5.jpg\"}},{\"type\":\"gallery_item\",\"props\":{\"title\":\"Arbeitsessen-11-5\",\"image\":\"wp-content\\\/uploads\\\/sites\\\/3\\\/2022\\\/12\\\/Arbeitsessen-11-5.jpg\"}},{\"type\":\"gallery_item\",\"props\":{\"title\":\"Arbeitsessen-5-3\",\"image\":\"wp-content\\\/uploads\\\/sites\\\/3\\\/2022\\\/12\\\/Arbeitsessen-5-3.jpg\"}},{\"type\":\"gallery_item\",\"props\":{\"title\":\"Arbeitsessen-8-2\",\"image\":\"wp-content\\\/uploads\\\/sites\\\/3\\\/2022\\\/12\\\/Arbeitsessen-8-2.jpg\"}},{\"type\":\"gallery_item\",\"props\":{\"title\":\"Arbeitsessen-1874\",\"image\":\"wp-content\\\/uploads\\\/sites\\\/3\\\/2022\\\/12\\\/Arbeitsessen-1874.jpg\"}},{\"type\":\"gallery_item\",\"props\":{\"title\":\"Arbeitsessen-4372\",\"image\":\"wp-content\\\/uploads\\\/sites\\\/3\\\/2022\\\/12\\\/Arbeitsessen-4372.jpg\"}},{\"type\":\"gallery_item\",\"props\":{\"title\":\"Arbeitsessen-2\",\"image\":\"wp-content\\\/uploads\\\/sites\\\/3\\\/2022\\\/12\\\/Arbeitsessen-2.jpg\"}},{\"type\":\"gallery_item\",\"props\":{\"title\":\"Arbeitsessen-0462\",\"image\":\"wp-content\\\/uploads\\\/sites\\\/3\\\/2022\\\/12\\\/Arbeitsessen-0462.jpg\"}}]},{\"type\":\"divider\",\"props\":{\"divider_element\":\"hr\"}},{\"type\":\"image\",\"props\":{\"margin\":\"default\",\"image_svg_color\":\"emphasis\",\"image\":\"wp-content\\\/uploads\\\/sites\\\/3\\\/2022\\\/12\\\/Arbeitsessen-6204-scaled.jpg\",\"image_width\":\"500\"}}]}]}]}],\"version\":\"2.7.21\"} --><\/p>\n","protected":false},"excerpt":{"rendered":"<p>Arbeitsessen-10-6 Arbeitsessen-6163 Arbeitsessen-6137 Arbeitsessen, seit 2006 Arbeitsessen ist eine mobile Plattform f\u00fcr Kochen, Essen, Trinken, Geselligkeit und Gespr\u00e4ch. Rezeptgeber und Koch ist J\u00f6rg Wagner. Mit den stattfindenden Bewirtungen initiiert, gestaltet und moderiert er nahrhafte und nachhaltige Dialoge zu wechselnden Themen im Atelier, Garten, B\u00fcro, Kunstraum oder in der Werkstatt. J\u00f6rg Wagner bringt neben seinem reiserprobten [&hellip;]<\/p>\n","protected":false},"author":1,"featured_media":1025,"comment_status":"closed","ping_status":"open","sticky":false,"template":"","format":"standard","meta":{"footnotes":""},"categories":[5],"tags":[],"class_list":["post-44","post","type-post","status-publish","format-standard","has-post-thumbnail","hentry","category-projekt"],"_links":{"self":[{"href":"https:\/\/guentherundwagner.de\/wagner\/wp-json\/wp\/v2\/posts\/44","targetHints":{"allow":["GET"]}}],"collection":[{"href":"https:\/\/guentherundwagner.de\/wagner\/wp-json\/wp\/v2\/posts"}],"about":[{"href":"https:\/\/guentherundwagner.de\/wagner\/wp-json\/wp\/v2\/types\/post"}],"author":[{"embeddable":true,"href":"https:\/\/guentherundwagner.de\/wagner\/wp-json\/wp\/v2\/users\/1"}],"replies":[{"embeddable":true,"href":"https:\/\/guentherundwagner.de\/wagner\/wp-json\/wp\/v2\/comments?post=44"}],"version-history":[{"count":10,"href":"https:\/\/guentherundwagner.de\/wagner\/wp-json\/wp\/v2\/posts\/44\/revisions"}],"predecessor-version":[{"id":1223,"href":"https:\/\/guentherundwagner.de\/wagner\/wp-json\/wp\/v2\/posts\/44\/revisions\/1223"}],"wp:featuredmedia":[{"embeddable":true,"href":"https:\/\/guentherundwagner.de\/wagner\/wp-json\/wp\/v2\/media\/1025"}],"wp:attachment":[{"href":"https:\/\/guentherundwagner.de\/wagner\/wp-json\/wp\/v2\/media?parent=44"}],"wp:term":[{"taxonomy":"category","embeddable":true,"href":"https:\/\/guentherundwagner.de\/wagner\/wp-json\/wp\/v2\/categories?post=44"},{"taxonomy":"post_tag","embeddable":true,"href":"https:\/\/guentherundwagner.de\/wagner\/wp-json\/wp\/v2\/tags?post=44"}],"curies":[{"name":"wp","href":"https:\/\/api.w.org\/{rel}","templated":true}]}}