{"id":42,"date":"2022-11-08T16:56:23","date_gmt":"2022-11-08T15:56:23","guid":{"rendered":"https:\/\/guentherundwagner.de\/wagner\/?p=42"},"modified":"2025-02-21T08:26:22","modified_gmt":"2025-02-21T07:26:22","slug":"bild-1","status":"publish","type":"post","link":"https:\/\/guentherundwagner.de\/wagner\/projekt\/bild-1\/","title":{"rendered":"Einwirkzeit"},"content":{"rendered":"<p><img decoding=\"async\" src=\"\/wagner\/wp-content\/uploads\/sites\/3\/2022\/10\/Einwirkzeit-.jpg\" alt=\"\"><\/p>\n<h1>\n<h2><strong>Einwirkzeit<\/strong>, seit 2017<\/h2>\n<\/h1>\n<div>\n<h5>Herr Wagner l\u00e4dt zu Bowle und Gespr\u00e4ch;<br \/>Beginn der Einwirkzeit: Januar 2017, dann (un)regelm\u00e4\u00dfige Fortsetzungen<strong><br \/><\/strong><\/h5>\n<\/div>\n<div>\n<p><strong>Eine Bowle mit Inhalt. <\/strong><br \/><strong>Geladene G\u00e4ste und ein Thema.<\/strong><br \/><strong> Es wird diskutiert und getrunken, bis die Inhalte ausge\/ersch\u00f6pft sind.<\/strong><\/p>\n<\/div>\n<div>\n<ol>\n<li>Termin: Januar 2017 im Atelier J\u00f6rg Wagner, Gie\u00dfen<br \/>Thema: <strong>Kunst und Kultur versus Rechtsruck und Neokonservativismus<\/strong><br \/>G\u00e4ste: Lisa Bei\u00dfwanger, Jan Buck, Erik Meyer, Martha Oelschl\u00e4ger, Ansgar Schnurr<\/li>\n<li>Termin: Februar 2017 im Atelier J\u00f6rg Wagner, Gie\u00dfen <br \/>Thema: <strong>Kunst und Zweifel<\/strong><br \/>G\u00e4ste: Barbara Eichhorn, Ingke G\u00fcnther, Jannis Neumann, Caroline Rauscher, Andreas Rohrbach<\/li>\n<li>Termin: M\u00e4rz 2017 im Wohnhaus Weichenrieder\/Rudershausen, Bremen <br \/>Thema: <strong>Freiheit und \u00d6konomie<\/strong><br \/>G\u00e4ste: Manuela Weichenrieder, Adrian Rudershausen, Roland Kerstein, Oliver Behnecke, Hanke Homburg<\/li>\n<li>Termin: April 2017 im Atelier Barbara Eichhorn, Wien <br \/>Thema: <strong>Kunst und Wertsch\u00e4tzung<\/strong><br \/>G\u00e4ste: Maria Bussmann, Almut Rink, Daniel Domig, Barbara Eichhorn, Ingke G\u00fcnther<\/li>\n<li>Termin: Juni 2017 im Wohn- und Arbeitsraum Esther Steinbrecher, Berlin <br \/>Thema:<strong> Kunst und Kohle<\/strong><br \/>G\u00e4ste: Esther Steinbrecher, Viola Weltgen, Andrea Knobloch, Andrea Gerk, Ingke G\u00fcnther<\/li>\n<li>Termin: August 2017 im Atelier J\u00f6rg Wagner, Gie\u00dfen <br \/>Thema: <strong>Kunst und Provinz<\/strong><br \/>G\u00e4ste: Nadia Ismail, Katja v. Puttkamer, Ireen Malinowski, Till Korfhage und Bj\u00f6rn Mehlig<\/li>\n<li>Termin: September 2018 im KiZ, Gie\u00dfen <br \/>Thema: <strong>Gie\u00dfen wohin?<\/strong><br \/>G\u00e4ste: Ida Schulz, Gerda Weigel-Greilich, Minas Adis, Nils Seipel und Ludwig Vordemfelde<\/li>\n<li>Termin: August 2019 auf dem Balkon des Oberhessischen Museums, Gie\u00dfen <br \/>Thema: <strong>Kultur &#8211; Verantwortung?<\/strong><br \/>G\u00e4ste: Johnny Linder, Andrea L\u00fchrig, Katharina Weick-Joch, Martin Riebeling, Hans-J\u00fcrgen Linke\n<\/li>\n<\/ol>\n<\/div>\n<ul>\n<li>\n<p>        <img decoding=\"async\" src=\"\/wagner\/wp-content\/uploads\/sites\/3\/2022\/11\/Einwirkzeit-8647.jpg\" alt=\"\"><\/p>\n<h3>Einwirkzeit-8647<\/h3>\n<\/li>\n<li>\n<p>        <img decoding=\"async\" src=\"\/wagner\/wp-content\/uploads\/sites\/3\/2022\/11\/Einwirkzeit-1299.jpg\" alt=\"\"><\/p>\n<h3>Einwirkzeit-1299<\/h3>\n<\/li>\n<li>\n<p>        <img decoding=\"async\" src=\"\/wagner\/wp-content\/uploads\/sites\/3\/2022\/11\/Einwirkzeit-8609.jpg\" alt=\"\"><\/p>\n<h3>Einwirkzeit-8609<\/h3>\n<\/li>\n<li>\n<p>        <img decoding=\"async\" src=\"\/wagner\/wp-content\/uploads\/sites\/3\/2022\/11\/Einwirkzeit-7927.jpg\" alt=\"\"><\/p>\n<h3>Einwirkzeit-7927<\/h3>\n<\/li>\n<\/ul>\n<p><!--more--><br \/>\n<!-- {\"type\":\"layout\",\"children\":[{\"type\":\"section\",\"props\":{\"image_position\":\"center-center\",\"style\":\"default\",\"title_breakpoint\":\"xl\",\"title_position\":\"top-left\",\"title_rotation\":\"left\",\"vertical_align\":\"middle\",\"width\":\"default\"},\"children\":[{\"type\":\"row\",\"children\":[{\"type\":\"column\",\"props\":{\"image_position\":\"center-center\",\"media_overlay_gradient\":\"\",\"position_sticky_breakpoint\":\"m\"},\"children\":[{\"type\":\"image\",\"props\":{\"image\":\"wp-content\\\/uploads\\\/sites\\\/3\\\/2022\\\/10\\\/Einwirkzeit-.jpg\",\"image_svg_color\":\"emphasis\",\"margin\":\"default\"}},{\"type\":\"headline\",\"props\":{\"content\":\"\n\n<h2><strong>Einwirkzeit<\\\/strong>, seit 2017<\\\/h2>\",\"title_element\":\"h1\"}},{\"type\":\"text\",\"props\":{\"column_breakpoint\":\"m\",\"content\":\"\n\n<h5>Herr Wagner l\\u00e4dt zu Bowle und Gespr\\u00e4ch;<br \\\/>Beginn der Einwirkzeit: Januar 2017, dann (un)regelm\\u00e4\\u00dfige Fortsetzungen<strong><br \\\/><\\\/strong><\\\/h5>\",\"margin\":\"default\"}},{\"type\":\"text\",\"props\":{\"column_breakpoint\":\"m\",\"content\":\"\n\n<p><strong>Eine Bowle mit Inhalt. <\\\/strong><br \\\/><strong>Geladene G\\u00e4ste und ein Thema.<\\\/strong><br \\\/><strong> Es wird diskutiert und getrunken, bis die Inhalte ausge\\\/ersch\\u00f6pft sind.<\\\/strong><\\\/p>\",\"margin\":\"default\"}},{\"type\":\"text\",\"props\":{\"column_breakpoint\":\"m\",\"content\":\"\n\n<ol>\\n\n\n<li>Termin: Januar 2017 im Atelier J\\u00f6rg Wagner, Gie\\u00dfen<br \\\/>Thema: <strong>Kunst und Kultur versus Rechtsruck und Neokonservativismus<\\\/strong><br \\\/>G\\u00e4ste: Lisa Bei\\u00dfwanger, Jan Buck, Erik Meyer, Martha Oelschl\\u00e4ger, Ansgar Schnurr<\\\/li>\\n\n\n<li>Termin: Februar 2017 im Atelier J\\u00f6rg Wagner, Gie\\u00dfen <br \\\/>Thema: <strong>Kunst und Zweifel<\\\/strong><br \\\/>G\\u00e4ste: Barbara Eichhorn, Ingke G\\u00fcnther, Jannis Neumann, Caroline Rauscher, Andreas Rohrbach<\\\/li>\\n\n\n<li>Termin: M\\u00e4rz 2017 im Wohnhaus Weichenrieder\\\/Rudershausen, Bremen <br \\\/>Thema: <strong>Freiheit und \\u00d6konomie<\\\/strong><br \\\/>G\\u00e4ste: Manuela Weichenrieder, Adrian Rudershausen, Roland Kerstein, Oliver Behnecke, Hanke Homburg<\\\/li>\\n\n\n<li>Termin: April 2017 im Atelier Barbara Eichhorn, Wien <br \\\/>Thema: <strong>Kunst und Wertsch\\u00e4tzung<\\\/strong><br \\\/>G\\u00e4ste: Maria Bussmann, Almut Rink, Daniel Domig, Barbara Eichhorn, Ingke G\\u00fcnther<\\\/li>\\n\n\n<li>Termin: Juni 2017 im Wohn- und Arbeitsraum Esther Steinbrecher, Berlin <br \\\/>Thema:<strong> Kunst und Kohle<\\\/strong><br \\\/>G\\u00e4ste: Esther Steinbrecher, Viola Weltgen, Andrea Knobloch, Andrea Gerk, Ingke G\\u00fcnther<\\\/li>\\n\n\n<li>Termin: August 2017 im Atelier J\\u00f6rg Wagner, Gie\\u00dfen <br \\\/>Thema: <strong>Kunst und Provinz<\\\/strong><br \\\/>G\\u00e4ste: Nadia Ismail, Katja v. Puttkamer, Ireen Malinowski, Till Korfhage und Bj\\u00f6rn Mehlig<\\\/li>\\n\n\n<li>Termin: September 2018 im KiZ, Gie\\u00dfen <br \\\/>Thema: <strong>Gie\\u00dfen wohin?<\\\/strong><br \\\/>G\\u00e4ste: Ida Schulz, Gerda Weigel-Greilich, Minas Adis, Nils Seipel und Ludwig Vordemfelde<\\\/li>\\n\n\n<li>Termin: August 2019 auf dem Balkon des Oberhessischen Museums, Gie\\u00dfen <br \\\/>Thema: <strong>Kultur - Verantwortung?<\\\/strong><br \\\/>G\\u00e4ste: Johnny Linder, Andrea L\\u00fchrig, Katharina Weick-Joch, Martin Riebeling, Hans-J\\u00fcrgen Linke<br \\\/><br \\\/><\\\/li>\\n<\\\/ol>\",\"margin\":\"default\"}},{\"type\":\"slideshow\",\"props\":{\"link_style\":\"default\",\"link_text\":\"Read more\",\"margin\":\"default\",\"meta_align\":\"below-title\",\"meta_element\":\"div\",\"meta_style\":\"text-meta\",\"nav\":\"dotnav\",\"nav_align\":\"center\",\"nav_below\":true,\"nav_breakpoint\":\"s\",\"nav_position\":\"bottom-center\",\"nav_position_margin\":\"medium\",\"overlay_animation\":\"parallax\",\"overlay_position\":\"center-left\",\"show_content\":true,\"show_link\":true,\"show_meta\":true,\"show_thumbnail\":true,\"show_title\":false,\"slidenav\":\"default\",\"slidenav_breakpoint\":\"s\",\"slidenav_margin\":\"medium\",\"slidenav_outside_breakpoint\":\"xl\",\"slideshow_autoplay_pause\":true,\"slideshow_min_height\":300,\"thumbnav_height\":\"75\",\"thumbnav_svg_color\":\"emphasis\",\"thumbnav_width\":\"100\",\"title_element\":\"h3\"},\"children\":[{\"type\":\"slideshow_item\",\"props\":{\"image\":\"wp-content\\\/uploads\\\/sites\\\/3\\\/2022\\\/11\\\/Einwirkzeit-8647.jpg\",\"title\":\"Einwirkzeit-8647\"}},{\"type\":\"slideshow_item\",\"props\":{\"image\":\"wp-content\\\/uploads\\\/sites\\\/3\\\/2022\\\/11\\\/Einwirkzeit-1299.jpg\",\"title\":\"Einwirkzeit-1299\"}},{\"type\":\"slideshow_item\",\"props\":{\"image\":\"wp-content\\\/uploads\\\/sites\\\/3\\\/2022\\\/11\\\/Einwirkzeit-8609.jpg\",\"title\":\"Einwirkzeit-8609\"}},{\"type\":\"slideshow_item\",\"props\":{\"image\":\"wp-content\\\/uploads\\\/sites\\\/3\\\/2022\\\/11\\\/Einwirkzeit-7927.jpg\",\"title\":\"Einwirkzeit-7927\"}}]}]}]}]}],\"version\":\"3.0.18\"} --><\/p>\n","protected":false},"excerpt":{"rendered":"<p>Einwirkzeit, seit 2017 Herr Wagner l\u00e4dt zu Bowle und Gespr\u00e4ch;Beginn der Einwirkzeit: Januar 2017, dann (un)regelm\u00e4\u00dfige Fortsetzungen Eine Bowle mit Inhalt. Geladene G\u00e4ste und ein Thema. Es wird diskutiert und getrunken, bis die Inhalte ausge\/ersch\u00f6pft sind. Termin: Januar 2017 im Atelier J\u00f6rg Wagner, Gie\u00dfenThema: Kunst und Kultur versus Rechtsruck und NeokonservativismusG\u00e4ste: Lisa Bei\u00dfwanger, Jan Buck, [&hellip;]<\/p>\n","protected":false},"author":1,"featured_media":126,"comment_status":"closed","ping_status":"open","sticky":false,"template":"","format":"standard","meta":{"footnotes":""},"categories":[5],"tags":[],"class_list":["post-42","post","type-post","status-publish","format-standard","has-post-thumbnail","hentry","category-projekt"],"_links":{"self":[{"href":"https:\/\/guentherundwagner.de\/wagner\/wp-json\/wp\/v2\/posts\/42","targetHints":{"allow":["GET"]}}],"collection":[{"href":"https:\/\/guentherundwagner.de\/wagner\/wp-json\/wp\/v2\/posts"}],"about":[{"href":"https:\/\/guentherundwagner.de\/wagner\/wp-json\/wp\/v2\/types\/post"}],"author":[{"embeddable":true,"href":"https:\/\/guentherundwagner.de\/wagner\/wp-json\/wp\/v2\/users\/1"}],"replies":[{"embeddable":true,"href":"https:\/\/guentherundwagner.de\/wagner\/wp-json\/wp\/v2\/comments?post=42"}],"version-history":[{"count":10,"href":"https:\/\/guentherundwagner.de\/wagner\/wp-json\/wp\/v2\/posts\/42\/revisions"}],"predecessor-version":[{"id":1460,"href":"https:\/\/guentherundwagner.de\/wagner\/wp-json\/wp\/v2\/posts\/42\/revisions\/1460"}],"wp:featuredmedia":[{"embeddable":true,"href":"https:\/\/guentherundwagner.de\/wagner\/wp-json\/wp\/v2\/media\/126"}],"wp:attachment":[{"href":"https:\/\/guentherundwagner.de\/wagner\/wp-json\/wp\/v2\/media?parent=42"}],"wp:term":[{"taxonomy":"category","embeddable":true,"href":"https:\/\/guentherundwagner.de\/wagner\/wp-json\/wp\/v2\/categories?post=42"},{"taxonomy":"post_tag","embeddable":true,"href":"https:\/\/guentherundwagner.de\/wagner\/wp-json\/wp\/v2\/tags?post=42"}],"curies":[{"name":"wp","href":"https:\/\/api.w.org\/{rel}","templated":true}]}}