{"id":1764,"date":"2025-10-08T19:49:09","date_gmt":"2025-10-08T17:49:09","guid":{"rendered":"https:\/\/guentherundwagner.de\/wagner\/?p=1764"},"modified":"2025-10-10T11:39:27","modified_gmt":"2025-10-10T09:39:27","slug":"val-mustair","status":"publish","type":"post","link":"https:\/\/guentherundwagner.de\/wagner\/bild\/val-mustair\/","title":{"rendered":"Val Mustair"},"content":{"rendered":"<p><img decoding=\"async\" src=\"\/wagner\/wp-content\/uploads\/sites\/3\/2025\/10\/val-mustair00-scaled.jpg\" alt=\"\"><\/p>\n<h1><strong><\/strong>atelier da giast, Sta.Maria \/ Val M\u00fcstair (CH), 2025<\/h1>\n<div>\n<p>Das Val Mustair ist von Fl\u00e4che und Bev\u00f6lkerungszahl ein \u00fcberschaubarer Landstrich. Trotzdem wurde mir vor Ort schnell klar, wie komplex das Gef\u00fcge aus Natur und Kultur, aus Gegenwart und Vergangenheit, aus Berg- und Tallandschaft, aus drinnen und drau\u00dfen ist. Eine erste fotografische Ann\u00e4herung war f\u00fcr mich deshalb nur mit einem offenen Blick m\u00f6glich, der collagehaft bleibt, mit Unsch\u00e4rfen arbeitet und unsystematisch zusammenf\u00fchrt. Dieser forschende und bewusst stochernde Zugang scheint mir diesem St\u00fcck Schweizer Welt \u2013 zumindest f\u00fcr einen Anfang \u2013 angemessen. So konnte ich erste Bildreihen anlegen, die weiterzuverfolgen sind und Motivserien finden, die Verkn\u00fcpfungen zu meinem bisherigen Bilderkosmos aufweisen. Das Entdeckte und Festgehaltene ruft nach Fortsetzung, Wiederholung, Konzentration. <\/p>\n<\/div>\n<ul>\n<li>\n<p>        <img decoding=\"async\" src=\"\/wagner\/wp-content\/uploads\/sites\/3\/2025\/10\/val-mustair01-scaled.jpg\" alt=\"\"><\/p>\n<\/li>\n<li>\n<p>        <img decoding=\"async\" src=\"\/wagner\/wp-content\/uploads\/sites\/3\/2025\/10\/val-mustair02-scaled.jpg\" alt=\"\"><\/p>\n<\/li>\n<li>\n<p>        <img decoding=\"async\" src=\"\/wagner\/wp-content\/uploads\/sites\/3\/2025\/10\/val-mustair03-scaled.jpg\" alt=\"\"><\/p>\n<\/li>\n<li>\n<p>        <img decoding=\"async\" src=\"\/wagner\/wp-content\/uploads\/sites\/3\/2025\/10\/val-mustair04-scaled.jpg\" alt=\"\"><\/p>\n<\/li>\n<li>\n<p>        <img decoding=\"async\" src=\"\/wagner\/wp-content\/uploads\/sites\/3\/2025\/10\/val-mustair05-scaled.jpg\" alt=\"\"><\/p>\n<\/li>\n<li>\n<p>        <img decoding=\"async\" src=\"\/wagner\/wp-content\/uploads\/sites\/3\/2025\/10\/val-mustair06-scaled.jpg\" alt=\"\"><\/p>\n<\/li>\n<li>\n<p>        <img decoding=\"async\" src=\"\/wagner\/wp-content\/uploads\/sites\/3\/2025\/10\/val-mustair07.jpg\" alt=\"\"><\/p>\n<\/li>\n<li>\n<p>        <img decoding=\"async\" src=\"\/wagner\/wp-content\/uploads\/sites\/3\/2025\/10\/val-mustair08-scaled.jpg\" alt=\"\"><\/p>\n<\/li>\n<li>\n<p>        <img decoding=\"async\" src=\"\/wagner\/wp-content\/uploads\/sites\/3\/2025\/10\/val-mustair09-scaled.jpg\" alt=\"\"><\/p>\n<\/li>\n<li>\n<p>        <img decoding=\"async\" src=\"\/wagner\/wp-content\/uploads\/sites\/3\/2025\/10\/val-mustair10-scaled.jpg\" alt=\"\"><\/p>\n<\/li>\n<li>\n<p>        <img decoding=\"async\" src=\"\/wagner\/wp-content\/uploads\/sites\/3\/2025\/10\/val-mustair11.jpg\" alt=\"\"><\/p>\n<\/li>\n<li>\n<p>        <img decoding=\"async\" src=\"\/wagner\/wp-content\/uploads\/sites\/3\/2025\/10\/val-mustair12-scaled.jpg\" alt=\"\"><\/p>\n<\/li>\n<li>\n<p>        <img decoding=\"async\" src=\"\/wagner\/wp-content\/uploads\/sites\/3\/2025\/10\/val-mustair13-scaled.jpg\" alt=\"\"><\/p>\n<\/li>\n<li>\n<p>        <img decoding=\"async\" src=\"\/wagner\/wp-content\/uploads\/sites\/3\/2025\/10\/val-mustair14-scaled.jpg\" alt=\"\"><\/p>\n<\/li>\n<li>\n<p>        <img decoding=\"async\" src=\"\/wagner\/wp-content\/uploads\/sites\/3\/2025\/10\/val-mustair15-scaled.jpg\" alt=\"\"><\/p>\n<\/li>\n<li>\n<p>        <img decoding=\"async\" src=\"\/wagner\/wp-content\/uploads\/sites\/3\/2025\/10\/val-mustair16-scaled.jpg\" alt=\"\"><\/p>\n<\/li>\n<li>\n<p>        <img decoding=\"async\" src=\"\/wagner\/wp-content\/uploads\/sites\/3\/2025\/10\/val-mustair17-scaled.jpg\" alt=\"\"><\/p>\n<\/li>\n<li>\n<p>        <img decoding=\"async\" src=\"\/wagner\/wp-content\/uploads\/sites\/3\/2025\/10\/val-mustair18-scaled.jpg\" alt=\"\"><\/p>\n<\/li>\n<li>\n<p>        <img decoding=\"async\" src=\"\/wagner\/wp-content\/uploads\/sites\/3\/2025\/10\/val-mustair19-scaled.jpg\" alt=\"\"><\/p>\n<\/li>\n<li>\n<p>        <img decoding=\"async\" src=\"\/wagner\/wp-content\/uploads\/sites\/3\/2025\/10\/val-mustair20.jpg\" alt=\"\"><\/p>\n<\/li>\n<li>\n<p>        <img decoding=\"async\" src=\"\/wagner\/wp-content\/uploads\/sites\/3\/2025\/10\/val-mustair21.jpg\" alt=\"\"><\/p>\n<\/li>\n<li>\n<p>        <img decoding=\"async\" src=\"\/wagner\/wp-content\/uploads\/sites\/3\/2025\/10\/val-mustair22.jpg\" alt=\"\"><\/p>\n<\/li>\n<li>\n<p>        <img decoding=\"async\" src=\"\/wagner\/wp-content\/uploads\/sites\/3\/2025\/10\/val-mustair23.jpg\" alt=\"\"><\/p>\n<\/li>\n<li>\n<p>        <img decoding=\"async\" src=\"\/wagner\/wp-content\/uploads\/sites\/3\/2025\/10\/val-mustair24-scaled.jpg\" alt=\"\"><\/p>\n<\/li>\n<li>\n<p>        <img decoding=\"async\" src=\"\/wagner\/wp-content\/uploads\/sites\/3\/2025\/10\/val-mustair25-scaled.jpg\" alt=\"\"><\/p>\n<\/li>\n<li>\n<p>        <img decoding=\"async\" src=\"\/wagner\/wp-content\/uploads\/sites\/3\/2025\/10\/val-mustair26-scaled.jpg\" alt=\"\"><\/p>\n<\/li>\n<li>\n<p>        <img decoding=\"async\" src=\"\/wagner\/wp-content\/uploads\/sites\/3\/2025\/10\/val-mustair27-scaled.jpg\" alt=\"\"><\/p>\n<\/li>\n<li>\n<p>        <img decoding=\"async\" src=\"\/wagner\/wp-content\/uploads\/sites\/3\/2025\/10\/val-mustair28-scaled.jpg\" alt=\"\"><\/p>\n<\/li>\n<li>\n<p>        <img decoding=\"async\" src=\"\/wagner\/wp-content\/uploads\/sites\/3\/2025\/10\/val-mustair29-scaled.jpg\" alt=\"\"><\/p>\n<\/li>\n<li>\n<p>        <img decoding=\"async\" src=\"\/wagner\/wp-content\/uploads\/sites\/3\/2025\/10\/val-mustair30-scaled.jpg\" alt=\"\"><\/p>\n<\/li>\n<li>\n<p>        <img decoding=\"async\" src=\"\/wagner\/wp-content\/uploads\/sites\/3\/2025\/10\/val-mustair32-scaled.jpg\" alt=\"\"><\/p>\n<\/li>\n<\/ul>\n<div>\n<p>Mein Dank geht an Vera und Pascal, die diesen Aufenthalt erm\u00f6glicht haben.<\/p>\n<p><a href=\"https:\/\/www.atelierdagiast.ch\/\" data-wplink-edit=\"true\">https:\/\/www.atelierdagiast.ch\/<\/a><\/p>\n<\/div>\n<p><img decoding=\"async\" src=\"\/wagner\/wp-content\/uploads\/sites\/3\/2025\/10\/val-mustair31-scaled.jpg\" alt=\"\"><\/p>\n<div>\n<h6>Wand im Gastatelier\u00a0<\/h6>\n<\/div>\n<p><!--more--><br \/>\n<!-- {\"type\":\"layout\",\"children\":[{\"type\":\"section\",\"props\":{\"image_position\":\"center-center\",\"style\":\"default\",\"title_breakpoint\":\"xl\",\"title_position\":\"top-left\",\"title_rotation\":\"left\",\"vertical_align\":\"middle\",\"width\":\"default\"},\"children\":[{\"type\":\"row\",\"children\":[{\"type\":\"column\",\"props\":{\"image_position\":\"center-center\",\"position_sticky_breakpoint\":\"m\"},\"children\":[{\"type\":\"image\",\"props\":{\"image\":\"wp-content\\\/uploads\\\/sites\\\/3\\\/2025\\\/10\\\/val-mustair00-scaled.jpg\",\"image_svg_color\":\"emphasis\",\"margin\":\"default\"}},{\"type\":\"headline\",\"props\":{\"content\":\"<strong><\\\/strong>atelier da giast, Sta.Maria \\\/ Val M\\u00fcstair (CH), 2025\",\"title_element\":\"h1\"}},{\"type\":\"text\",\"props\":{\"column_breakpoint\":\"m\",\"content\":\"\n\n<p>Das Val Mustair ist von Fl\\u00e4che und Bev\\u00f6lkerungszahl ein \\u00fcberschaubarer Landstrich. Trotzdem wurde mir vor Ort schnell klar, wie komplex das Gef\\u00fcge aus Natur und Kultur, aus Gegenwart und Vergangenheit, aus Berg- und Tallandschaft, aus drinnen und drau\\u00dfen ist. Eine erste fotografische Ann\\u00e4herung war f\\u00fcr mich deshalb nur mit einem offenen Blick m\\u00f6glich, der collagehaft bleibt, mit Unsch\\u00e4rfen arbeitet und unsystematisch zusammenf\\u00fchrt. Dieser forschende und bewusst stochernde Zugang scheint mir diesem St\\u00fcck Schweizer Welt \\u2013 zumindest f\\u00fcr einen Anfang \\u2013 angemessen. So konnte ich erste Bildreihen anlegen, die weiterzuverfolgen sind und Motivserien finden, die Verkn\\u00fcpfungen zu meinem bisherigen Bilderkosmos aufweisen. Das Entdeckte und Festgehaltene ruft nach Fortsetzung, Wiederholung, Konzentration. <br \\\/><br \\\/><\\\/p>\",\"margin\":\"default\"}},{\"type\":\"gallery\",\"props\":{\"filter_align\":\"left\",\"filter_all\":true,\"filter_grid_breakpoint\":\"m\",\"filter_grid_width\":\"auto\",\"filter_position\":\"top\",\"filter_style\":\"tab\",\"grid_default\":\"1\",\"grid_medium\":\"3\",\"item_animation\":true,\"lightbox\":true,\"lightbox_bg_close\":true,\"link_style\":\"default\",\"link_text\":\"Klicke hier\",\"margin\":\"default\",\"meta_align\":\"below-title\",\"meta_element\":\"div\",\"meta_style\":\"text-meta\",\"overlay_hover\":true,\"overlay_mode\":\"cover\",\"overlay_position\":\"center\",\"overlay_style\":\"overlay-primary\",\"overlay_transition\":\"fade\",\"show_content\":true,\"show_hover_image\":true,\"show_hover_video\":true,\"show_link\":true,\"show_meta\":true,\"show_title\":true,\"text_align\":\"center\",\"text_color\":\"light\",\"title_element\":\"h3\",\"title_hover_style\":\"reset\"},\"children\":[{\"type\":\"gallery_item\",\"props\":{\"image\":\"wp-content\\\/uploads\\\/sites\\\/3\\\/2025\\\/10\\\/val-mustair01-scaled.jpg\"}},{\"type\":\"gallery_item\",\"props\":{\"image\":\"wp-content\\\/uploads\\\/sites\\\/3\\\/2025\\\/10\\\/val-mustair02-scaled.jpg\"}},{\"type\":\"gallery_item\",\"props\":{\"image\":\"wp-content\\\/uploads\\\/sites\\\/3\\\/2025\\\/10\\\/val-mustair03-scaled.jpg\"}},{\"type\":\"gallery_item\",\"props\":{\"image\":\"wp-content\\\/uploads\\\/sites\\\/3\\\/2025\\\/10\\\/val-mustair04-scaled.jpg\"}},{\"type\":\"gallery_item\",\"props\":{\"image\":\"wp-content\\\/uploads\\\/sites\\\/3\\\/2025\\\/10\\\/val-mustair05-scaled.jpg\"}},{\"type\":\"gallery_item\",\"props\":{\"image\":\"wp-content\\\/uploads\\\/sites\\\/3\\\/2025\\\/10\\\/val-mustair06-scaled.jpg\"}},{\"type\":\"gallery_item\",\"props\":{\"image\":\"wp-content\\\/uploads\\\/sites\\\/3\\\/2025\\\/10\\\/val-mustair07.jpg\"}},{\"type\":\"gallery_item\",\"props\":{\"image\":\"wp-content\\\/uploads\\\/sites\\\/3\\\/2025\\\/10\\\/val-mustair08-scaled.jpg\"}},{\"type\":\"gallery_item\",\"props\":{\"image\":\"wp-content\\\/uploads\\\/sites\\\/3\\\/2025\\\/10\\\/val-mustair09-scaled.jpg\"}},{\"type\":\"gallery_item\",\"props\":{\"image\":\"wp-content\\\/uploads\\\/sites\\\/3\\\/2025\\\/10\\\/val-mustair10-scaled.jpg\"}},{\"type\":\"gallery_item\",\"props\":{\"image\":\"wp-content\\\/uploads\\\/sites\\\/3\\\/2025\\\/10\\\/val-mustair11.jpg\"}},{\"type\":\"gallery_item\",\"props\":{\"image\":\"wp-content\\\/uploads\\\/sites\\\/3\\\/2025\\\/10\\\/val-mustair12-scaled.jpg\"}},{\"type\":\"gallery_item\",\"props\":{\"image\":\"wp-content\\\/uploads\\\/sites\\\/3\\\/2025\\\/10\\\/val-mustair13-scaled.jpg\"}},{\"type\":\"gallery_item\",\"props\":{\"image\":\"wp-content\\\/uploads\\\/sites\\\/3\\\/2025\\\/10\\\/val-mustair14-scaled.jpg\"}},{\"type\":\"gallery_item\",\"props\":{\"image\":\"wp-content\\\/uploads\\\/sites\\\/3\\\/2025\\\/10\\\/val-mustair15-scaled.jpg\"}},{\"type\":\"gallery_item\",\"props\":{\"image\":\"wp-content\\\/uploads\\\/sites\\\/3\\\/2025\\\/10\\\/val-mustair16-scaled.jpg\"}},{\"type\":\"gallery_item\",\"props\":{\"image\":\"wp-content\\\/uploads\\\/sites\\\/3\\\/2025\\\/10\\\/val-mustair17-scaled.jpg\"}},{\"type\":\"gallery_item\",\"props\":{\"image\":\"wp-content\\\/uploads\\\/sites\\\/3\\\/2025\\\/10\\\/val-mustair18-scaled.jpg\"}},{\"type\":\"gallery_item\",\"props\":{\"image\":\"wp-content\\\/uploads\\\/sites\\\/3\\\/2025\\\/10\\\/val-mustair19-scaled.jpg\"}},{\"type\":\"gallery_item\",\"props\":{\"image\":\"wp-content\\\/uploads\\\/sites\\\/3\\\/2025\\\/10\\\/val-mustair20.jpg\"}},{\"type\":\"gallery_item\",\"props\":{\"image\":\"wp-content\\\/uploads\\\/sites\\\/3\\\/2025\\\/10\\\/val-mustair21.jpg\"}},{\"type\":\"gallery_item\",\"props\":{\"image\":\"wp-content\\\/uploads\\\/sites\\\/3\\\/2025\\\/10\\\/val-mustair22.jpg\"}},{\"type\":\"gallery_item\",\"props\":{\"image\":\"wp-content\\\/uploads\\\/sites\\\/3\\\/2025\\\/10\\\/val-mustair23.jpg\"}},{\"type\":\"gallery_item\",\"props\":{\"image\":\"wp-content\\\/uploads\\\/sites\\\/3\\\/2025\\\/10\\\/val-mustair24-scaled.jpg\"}},{\"type\":\"gallery_item\",\"props\":{\"image\":\"wp-content\\\/uploads\\\/sites\\\/3\\\/2025\\\/10\\\/val-mustair25-scaled.jpg\"}},{\"type\":\"gallery_item\",\"props\":{\"image\":\"wp-content\\\/uploads\\\/sites\\\/3\\\/2025\\\/10\\\/val-mustair26-scaled.jpg\"}},{\"type\":\"gallery_item\",\"props\":{\"image\":\"wp-content\\\/uploads\\\/sites\\\/3\\\/2025\\\/10\\\/val-mustair27-scaled.jpg\"}},{\"type\":\"gallery_item\",\"props\":{\"image\":\"wp-content\\\/uploads\\\/sites\\\/3\\\/2025\\\/10\\\/val-mustair28-scaled.jpg\"}},{\"type\":\"gallery_item\",\"props\":{\"image\":\"wp-content\\\/uploads\\\/sites\\\/3\\\/2025\\\/10\\\/val-mustair29-scaled.jpg\"}},{\"type\":\"gallery_item\",\"props\":{\"image\":\"wp-content\\\/uploads\\\/sites\\\/3\\\/2025\\\/10\\\/val-mustair30-scaled.jpg\"}},{\"type\":\"gallery_item\",\"props\":{\"image\":\"wp-content\\\/uploads\\\/sites\\\/3\\\/2025\\\/10\\\/val-mustair32-scaled.jpg\"}}]},{\"type\":\"text\",\"props\":{\"column_breakpoint\":\"m\",\"content\":\"\n\n<p><\\\/p>\\n\n\n<p>Mein Dank geht an Vera und Pascal, die diesen Aufenthalt erm\\u00f6glicht haben.<\\\/p>\\n\n\n<p><a href=\\\"https:\\\/\\\/www.atelierdagiast.ch\\\/\\\" data-wplink-edit=\\\"true\\\">https:\\\/\\\/www.atelierdagiast.ch\\\/<\\\/a><\\\/p>\",\"margin\":\"default\"}},{\"type\":\"image\",\"props\":{\"image\":\"wp-content\\\/uploads\\\/sites\\\/3\\\/2025\\\/10\\\/val-mustair31-scaled.jpg\",\"image_svg_color\":\"emphasis\",\"margin\":\"default\"}},{\"type\":\"text\",\"props\":{\"column_breakpoint\":\"m\",\"content\":\"\n\n<h6>Wand im Gastatelier\\u00a0<\\\/h6>\",\"margin\":\"default\"}}]}]}]}],\"version\":\"4.5.0\"} --><\/p>\n","protected":false},"excerpt":{"rendered":"<p>atelier da giast, Sta.Maria \/ Val M\u00fcstair (CH), 2025 Das Val Mustair ist von Fl\u00e4che und Bev\u00f6lkerungszahl ein \u00fcberschaubarer Landstrich. Trotzdem wurde mir vor Ort schnell klar, wie komplex das Gef\u00fcge aus Natur und Kultur, aus Gegenwart und Vergangenheit, aus Berg- und Tallandschaft, aus drinnen und drau\u00dfen ist. Eine erste fotografische Ann\u00e4herung war f\u00fcr mich [&hellip;]<\/p>\n","protected":false},"author":4,"featured_media":1725,"comment_status":"closed","ping_status":"open","sticky":false,"template":"","format":"standard","meta":{"footnotes":""},"categories":[6],"tags":[],"class_list":["post-1764","post","type-post","status-publish","format-standard","has-post-thumbnail","hentry","category-bild"],"_links":{"self":[{"href":"https:\/\/guentherundwagner.de\/wagner\/wp-json\/wp\/v2\/posts\/1764","targetHints":{"allow":["GET"]}}],"collection":[{"href":"https:\/\/guentherundwagner.de\/wagner\/wp-json\/wp\/v2\/posts"}],"about":[{"href":"https:\/\/guentherundwagner.de\/wagner\/wp-json\/wp\/v2\/types\/post"}],"author":[{"embeddable":true,"href":"https:\/\/guentherundwagner.de\/wagner\/wp-json\/wp\/v2\/users\/4"}],"replies":[{"embeddable":true,"href":"https:\/\/guentherundwagner.de\/wagner\/wp-json\/wp\/v2\/comments?post=1764"}],"version-history":[{"count":10,"href":"https:\/\/guentherundwagner.de\/wagner\/wp-json\/wp\/v2\/posts\/1764\/revisions"}],"predecessor-version":[{"id":1814,"href":"https:\/\/guentherundwagner.de\/wagner\/wp-json\/wp\/v2\/posts\/1764\/revisions\/1814"}],"wp:featuredmedia":[{"embeddable":true,"href":"https:\/\/guentherundwagner.de\/wagner\/wp-json\/wp\/v2\/media\/1725"}],"wp:attachment":[{"href":"https:\/\/guentherundwagner.de\/wagner\/wp-json\/wp\/v2\/media?parent=1764"}],"wp:term":[{"taxonomy":"category","embeddable":true,"href":"https:\/\/guentherundwagner.de\/wagner\/wp-json\/wp\/v2\/categories?post=1764"},{"taxonomy":"post_tag","embeddable":true,"href":"https:\/\/guentherundwagner.de\/wagner\/wp-json\/wp\/v2\/tags?post=1764"}],"curies":[{"name":"wp","href":"https:\/\/api.w.org\/{rel}","templated":true}]}}