{"id":1654,"date":"2025-09-06T20:05:10","date_gmt":"2025-09-06T18:05:10","guid":{"rendered":"https:\/\/guentherundwagner.de\/wagner\/?p=1654"},"modified":"2025-09-06T20:35:51","modified_gmt":"2025-09-06T18:35:51","slug":"botanical","status":"publish","type":"post","link":"https:\/\/guentherundwagner.de\/wagner\/projekt\/botanical\/","title":{"rendered":"botanical"},"content":{"rendered":"<p><img decoding=\"async\" src=\"\/wagner\/wp-content\/uploads\/sites\/3\/2025\/09\/botanical19-scaled.jpg\" alt=\"\"><\/p>\n<h1>\n<p>botanical, seit 2023<\/p>\n<\/h1>\n<div>\n<p>Ongoing Fotoprojekt im Botanischen Garten der Justus-Liebig-Universit\u00e4t Gie\u00dfen und dar\u00fcber hinaus<\/p>\n<\/div>\n<ul>\n<li>\n<p>        <img decoding=\"async\" src=\"\/wagner\/wp-content\/uploads\/sites\/3\/2025\/09\/botanical33-scaled.jpg\" alt=\"\"><\/p>\n<\/li>\n<li>\n<p>        <img decoding=\"async\" src=\"\/wagner\/wp-content\/uploads\/sites\/3\/2025\/09\/botanical27-scaled.jpg\" alt=\"\"><\/p>\n<\/li>\n<li>\n<p>        <img decoding=\"async\" src=\"\/wagner\/wp-content\/uploads\/sites\/3\/2025\/09\/botanical34-scaled.jpg\" alt=\"\"><\/p>\n<\/li>\n<li>\n<p>        <img decoding=\"async\" src=\"\/wagner\/wp-content\/uploads\/sites\/3\/2025\/09\/botanical28-scaled.jpg\" alt=\"\"><\/p>\n<\/li>\n<li>\n<p>        <img decoding=\"async\" src=\"\/wagner\/wp-content\/uploads\/sites\/3\/2025\/09\/botanical31-scaled.jpg\" alt=\"\"><\/p>\n<\/li>\n<li>\n<p>        <img decoding=\"async\" src=\"\/wagner\/wp-content\/uploads\/sites\/3\/2025\/09\/botanical32-scaled.jpg\" alt=\"\"><\/p>\n<\/li>\n<li>\n<p>        <img decoding=\"async\" src=\"\/wagner\/wp-content\/uploads\/sites\/3\/2025\/09\/botanical26-scaled.jpg\" alt=\"\"><\/p>\n<\/li>\n<li>\n<p>        <img decoding=\"async\" src=\"\/wagner\/wp-content\/uploads\/sites\/3\/2025\/09\/botanical29-scaled.jpg\" alt=\"\"><\/p>\n<\/li>\n<li>\n<p>        <img decoding=\"async\" src=\"\/wagner\/wp-content\/uploads\/sites\/3\/2025\/09\/botanical23-scaled.jpg\" alt=\"\"><\/p>\n<\/li>\n<li>\n<p>        <img decoding=\"async\" src=\"\/wagner\/wp-content\/uploads\/sites\/3\/2025\/09\/botanical19-scaled.jpg\" alt=\"\"><\/p>\n<\/li>\n<li>\n<p>        <img decoding=\"async\" src=\"\/wagner\/wp-content\/uploads\/sites\/3\/2025\/09\/botanical17-scaled.jpg\" alt=\"\"><\/p>\n<\/li>\n<li>\n<p>        <img decoding=\"async\" src=\"\/wagner\/wp-content\/uploads\/sites\/3\/2025\/09\/botanical16-scaled.jpg\" alt=\"\"><\/p>\n<\/li>\n<li>\n<p>        <img decoding=\"async\" src=\"\/wagner\/wp-content\/uploads\/sites\/3\/2025\/09\/botanical18-scaled.jpg\" alt=\"\"><\/p>\n<\/li>\n<li>\n<p>        <img decoding=\"async\" src=\"\/wagner\/wp-content\/uploads\/sites\/3\/2025\/09\/botanical24-scaled.jpg\" alt=\"\"><\/p>\n<\/li>\n<li>\n<p>        <img decoding=\"async\" src=\"\/wagner\/wp-content\/uploads\/sites\/3\/2025\/09\/botanical15-scaled.jpg\" alt=\"\"><\/p>\n<\/li>\n<li>\n<p>        <img decoding=\"async\" src=\"\/wagner\/wp-content\/uploads\/sites\/3\/2025\/09\/botanical11-scaled.jpg\" alt=\"\"><\/p>\n<\/li>\n<li>\n<p>        <img decoding=\"async\" src=\"\/wagner\/wp-content\/uploads\/sites\/3\/2025\/09\/botanical25-scaled.jpg\" alt=\"\"><\/p>\n<\/li>\n<li>\n<p>        <img decoding=\"async\" src=\"\/wagner\/wp-content\/uploads\/sites\/3\/2025\/09\/botanical02-scaled.jpg\" alt=\"\"><\/p>\n<\/li>\n<li>\n<p>        <img decoding=\"async\" src=\"\/wagner\/wp-content\/uploads\/sites\/3\/2025\/09\/botanical00-scaled.jpg\" alt=\"\"><\/p>\n<\/li>\n<li>\n<p>        <img decoding=\"async\" src=\"\/wagner\/wp-content\/uploads\/sites\/3\/2025\/09\/botanical09-scaled.jpg\" alt=\"\"><\/p>\n<\/li>\n<li>\n<p>        <img decoding=\"async\" src=\"\/wagner\/wp-content\/uploads\/sites\/3\/2025\/09\/botanical07-scaled.jpg\" alt=\"\"><\/p>\n<\/li>\n<li>\n<p>        <img decoding=\"async\" src=\"\/wagner\/wp-content\/uploads\/sites\/3\/2025\/09\/botanical01-scaled.jpg\" alt=\"\"><\/p>\n<\/li>\n<li>\n<p>        <img decoding=\"async\" src=\"\/wagner\/wp-content\/uploads\/sites\/3\/2025\/09\/botanical10-scaled.jpg\" alt=\"\"><\/p>\n<\/li>\n<li>\n<p>        <img decoding=\"async\" src=\"\/wagner\/wp-content\/uploads\/sites\/3\/2025\/09\/botanical04-scaled.jpg\" alt=\"\"><\/p>\n<\/li>\n<li>\n<p>        <img decoding=\"async\" src=\"\/wagner\/wp-content\/uploads\/sites\/3\/2025\/09\/botanical06-scaled.jpg\" alt=\"\"><\/p>\n<\/li>\n<li>\n<p>        <img decoding=\"async\" src=\"\/wagner\/wp-content\/uploads\/sites\/3\/2025\/09\/botanical20-scaled.jpg\" alt=\"\"><\/p>\n<\/li>\n<li>\n<p>        <img decoding=\"async\" src=\"\/wagner\/wp-content\/uploads\/sites\/3\/2025\/09\/botanical30-scaled.jpg\" alt=\"\"><\/p>\n<\/li>\n<li>\n<p>        <img decoding=\"async\" src=\"\/wagner\/wp-content\/uploads\/sites\/3\/2025\/09\/botanical03-scaled.jpg\" alt=\"\"><\/p>\n<\/li>\n<li>\n<p>        <img decoding=\"async\" src=\"\/wagner\/wp-content\/uploads\/sites\/3\/2025\/09\/botanical08-scaled.jpg\" alt=\"\"><\/p>\n<\/li>\n<li>\n<p>        <img decoding=\"async\" src=\"\/wagner\/wp-content\/uploads\/sites\/3\/2025\/09\/botanical05-scaled.jpg\" alt=\"\"><\/p>\n<\/li>\n<\/ul>\n<div>\n<p>Das Projekt <em>botanical<\/em> wird stark vom Prozess angetrieben, wuchert und manifestiert sich in unterschiedlichen Bildversuchen. Der Botanische Garten in Gie\u00dfen ist dabei Kerngebiet f\u00fcr ein fotografisches Vorgehen, das sich r\u00e4umlich ausweitet und jenseits eines botanisch kenntnisreichen Blicks um Flora kreist. <br \/>Im Forschungsgarten der Universit\u00e4t werden Pflanzen kultiviert, gesammelt, beforscht, klassifiziert und gezeigt. Der Fotograf nutzt die Vielfalt, Dichte, Ordnung, die Architekturen und Anlagen dieses speziellen Ortes, um \u00fcberraschende Protagonisten und Situationen f\u00fcr seine Bildwelt zu finden. Mit Eingriffen vor Ort oder solchen, die erst im Atelier geschehen, wird der ohnehin kulturell geformte Naturraum des Gartens weiter gedehnt und zu einem bildnerischen Kunstraum, in dem Pflanzen und die Bildeinf\u00e4lle des Fotografen die Hauptrolle spielen.<\/p>\n<\/div>\n<ul>\n<li>\n<p>        <img decoding=\"async\" src=\"\/wagner\/wp-content\/uploads\/sites\/3\/2025\/09\/botanical38-scaled.jpg\" alt=\"\"><\/p>\n<\/li>\n<li>\n<p>        <img decoding=\"async\" src=\"\/wagner\/wp-content\/uploads\/sites\/3\/2025\/09\/botanical37-scaled.jpg\" alt=\"\"><\/p>\n<\/li>\n<li>\n<p>        <img decoding=\"async\" src=\"\/wagner\/wp-content\/uploads\/sites\/3\/2025\/09\/botanical36-scaled.jpg\" alt=\"\"><\/p>\n<\/li>\n<li>\n<p>        <img decoding=\"async\" src=\"\/wagner\/wp-content\/uploads\/sites\/3\/2025\/09\/botanical35-scaled.jpg\" alt=\"\"><\/p>\n<\/li>\n<\/ul>\n<div>\n<p>Mit <em>botanical<\/em> nimmt sich J\u00f6rg Wagner die Freiheit, mit der Vielfalt seiner bisher angewandten bildnerischen Mittel zu spielen. Er setzt auf die Lust am Bauen, Collagieren und Inszenieren. Der neugierige Blick auf Pflanzenformen und -behausungen steht gleichwertig neben den Bem\u00fchungen, diese auf sehr verschiedene Weise ins Bild zu setzen. Dabei ist der Fotograf weniger auf der Suche nach dem einen gelungenen Bild. Er setzt eher auf Menge, geht in Serie, w\u00e4hlt Varianten und Wiederholungen und l\u00e4sst bewusst das aufregende neben dem weniger spektakul\u00e4ren Motiv bestehen.<\/p>\n<\/p>\n<\/p>\n<\/div>\n<p><img decoding=\"async\" src=\"\/wagner\/wp-content\/uploads\/sites\/3\/2025\/09\/botanical12-scaled.jpg\" alt=\"\"><\/p>\n<p><!--more--><br \/>\n<!-- {\"type\":\"layout\",\"children\":[{\"type\":\"section\",\"props\":{\"image_position\":\"center-center\",\"style\":\"default\",\"title_breakpoint\":\"xl\",\"title_position\":\"top-left\",\"title_rotation\":\"left\",\"vertical_align\":\"middle\",\"width\":\"default\"},\"children\":[{\"type\":\"row\",\"children\":[{\"type\":\"column\",\"props\":{\"image_position\":\"center-center\",\"position_sticky_breakpoint\":\"m\"},\"children\":[{\"type\":\"image\",\"props\":{\"image\":\"wp-content\\\/uploads\\\/sites\\\/3\\\/2025\\\/09\\\/botanical19-scaled.jpg\",\"image_svg_color\":\"emphasis\",\"margin\":\"default\"}},{\"type\":\"headline\",\"props\":{\"content\":\"\n\n<p>botanical, seit 2023<\\\/p>\",\"title_element\":\"h1\"}},{\"type\":\"text\",\"props\":{\"column_breakpoint\":\"m\",\"content\":\"\n\n<p>Ongoing Fotoprojekt im Botanischen Garten der Justus-Liebig-Universit\\u00e4t Gie\\u00dfen und dar\\u00fcber hinaus<\\\/p>\",\"margin\":\"default\"}},{\"type\":\"gallery\",\"props\":{\"filter_align\":\"left\",\"filter_all\":true,\"filter_grid_breakpoint\":\"m\",\"filter_grid_width\":\"auto\",\"filter_position\":\"top\",\"filter_style\":\"tab\",\"grid_default\":\"1\",\"grid_medium\":\"3\",\"item_animation\":true,\"lightbox\":true,\"lightbox_bg_close\":true,\"link_style\":\"default\",\"link_text\":\"Klicke hier\",\"margin\":\"default\",\"meta_align\":\"below-title\",\"meta_element\":\"div\",\"meta_style\":\"text-meta\",\"overlay_hover\":true,\"overlay_mode\":\"cover\",\"overlay_position\":\"center\",\"overlay_style\":\"overlay-primary\",\"overlay_transition\":\"fade\",\"show_content\":true,\"show_hover_image\":true,\"show_hover_video\":true,\"show_link\":true,\"show_meta\":true,\"show_title\":true,\"text_align\":\"center\",\"text_color\":\"light\",\"title_element\":\"h3\",\"title_hover_style\":\"reset\"},\"children\":[{\"type\":\"gallery_item\",\"props\":{\"image\":\"wp-content\\\/uploads\\\/sites\\\/3\\\/2025\\\/09\\\/botanical33-scaled.jpg\"}},{\"type\":\"gallery_item\",\"props\":{\"image\":\"wp-content\\\/uploads\\\/sites\\\/3\\\/2025\\\/09\\\/botanical27-scaled.jpg\"}},{\"type\":\"gallery_item\",\"props\":{\"image\":\"wp-content\\\/uploads\\\/sites\\\/3\\\/2025\\\/09\\\/botanical34-scaled.jpg\"}},{\"type\":\"gallery_item\",\"props\":{\"image\":\"wp-content\\\/uploads\\\/sites\\\/3\\\/2025\\\/09\\\/botanical28-scaled.jpg\"}},{\"type\":\"gallery_item\",\"props\":{\"image\":\"wp-content\\\/uploads\\\/sites\\\/3\\\/2025\\\/09\\\/botanical31-scaled.jpg\"}},{\"type\":\"gallery_item\",\"props\":{\"image\":\"wp-content\\\/uploads\\\/sites\\\/3\\\/2025\\\/09\\\/botanical32-scaled.jpg\"}},{\"type\":\"gallery_item\",\"props\":{\"image\":\"wp-content\\\/uploads\\\/sites\\\/3\\\/2025\\\/09\\\/botanical26-scaled.jpg\"}},{\"type\":\"gallery_item\",\"props\":{\"image\":\"wp-content\\\/uploads\\\/sites\\\/3\\\/2025\\\/09\\\/botanical29-scaled.jpg\"}},{\"type\":\"gallery_item\",\"props\":{\"image\":\"wp-content\\\/uploads\\\/sites\\\/3\\\/2025\\\/09\\\/botanical23-scaled.jpg\"}},{\"type\":\"gallery_item\",\"props\":{\"image\":\"wp-content\\\/uploads\\\/sites\\\/3\\\/2025\\\/09\\\/botanical19-scaled.jpg\"}},{\"type\":\"gallery_item\",\"props\":{\"image\":\"wp-content\\\/uploads\\\/sites\\\/3\\\/2025\\\/09\\\/botanical17-scaled.jpg\"}},{\"type\":\"gallery_item\",\"props\":{\"image\":\"wp-content\\\/uploads\\\/sites\\\/3\\\/2025\\\/09\\\/botanical16-scaled.jpg\"}},{\"type\":\"gallery_item\",\"props\":{\"image\":\"wp-content\\\/uploads\\\/sites\\\/3\\\/2025\\\/09\\\/botanical18-scaled.jpg\"}},{\"type\":\"gallery_item\",\"props\":{\"image\":\"wp-content\\\/uploads\\\/sites\\\/3\\\/2025\\\/09\\\/botanical24-scaled.jpg\"}},{\"type\":\"gallery_item\",\"props\":{\"image\":\"wp-content\\\/uploads\\\/sites\\\/3\\\/2025\\\/09\\\/botanical15-scaled.jpg\"}},{\"type\":\"gallery_item\",\"props\":{\"image\":\"wp-content\\\/uploads\\\/sites\\\/3\\\/2025\\\/09\\\/botanical11-scaled.jpg\"}},{\"type\":\"gallery_item\",\"props\":{\"image\":\"wp-content\\\/uploads\\\/sites\\\/3\\\/2025\\\/09\\\/botanical25-scaled.jpg\"}},{\"type\":\"gallery_item\",\"props\":{\"image\":\"wp-content\\\/uploads\\\/sites\\\/3\\\/2025\\\/09\\\/botanical02-scaled.jpg\"}},{\"type\":\"gallery_item\",\"props\":{\"image\":\"wp-content\\\/uploads\\\/sites\\\/3\\\/2025\\\/09\\\/botanical00-scaled.jpg\"}},{\"type\":\"gallery_item\",\"props\":{\"image\":\"wp-content\\\/uploads\\\/sites\\\/3\\\/2025\\\/09\\\/botanical09-scaled.jpg\"}},{\"type\":\"gallery_item\",\"props\":{\"image\":\"wp-content\\\/uploads\\\/sites\\\/3\\\/2025\\\/09\\\/botanical07-scaled.jpg\"}},{\"type\":\"gallery_item\",\"props\":{\"image\":\"wp-content\\\/uploads\\\/sites\\\/3\\\/2025\\\/09\\\/botanical01-scaled.jpg\"}},{\"type\":\"gallery_item\",\"props\":{\"image\":\"wp-content\\\/uploads\\\/sites\\\/3\\\/2025\\\/09\\\/botanical10-scaled.jpg\"}},{\"type\":\"gallery_item\",\"props\":{\"image\":\"wp-content\\\/uploads\\\/sites\\\/3\\\/2025\\\/09\\\/botanical04-scaled.jpg\"}},{\"type\":\"gallery_item\",\"props\":{\"image\":\"wp-content\\\/uploads\\\/sites\\\/3\\\/2025\\\/09\\\/botanical06-scaled.jpg\"}},{\"type\":\"gallery_item\",\"props\":{\"image\":\"wp-content\\\/uploads\\\/sites\\\/3\\\/2025\\\/09\\\/botanical20-scaled.jpg\"}},{\"type\":\"gallery_item\",\"props\":{\"image\":\"wp-content\\\/uploads\\\/sites\\\/3\\\/2025\\\/09\\\/botanical30-scaled.jpg\"}},{\"type\":\"gallery_item\",\"props\":{\"image\":\"wp-content\\\/uploads\\\/sites\\\/3\\\/2025\\\/09\\\/botanical03-scaled.jpg\"}},{\"type\":\"gallery_item\",\"props\":{\"image\":\"wp-content\\\/uploads\\\/sites\\\/3\\\/2025\\\/09\\\/botanical08-scaled.jpg\"}},{\"type\":\"gallery_item\",\"props\":{\"image\":\"wp-content\\\/uploads\\\/sites\\\/3\\\/2025\\\/09\\\/botanical05-scaled.jpg\"}}]},{\"type\":\"text\",\"props\":{\"column_breakpoint\":\"m\",\"content\":\"\n\n<p>Das Projekt <em>botanical<\\\/em> wird stark vom Prozess angetrieben, wuchert und manifestiert sich in unterschiedlichen Bildversuchen. Der Botanische Garten in Gie\\u00dfen ist dabei Kerngebiet f\\u00fcr ein fotografisches Vorgehen, das sich r\\u00e4umlich ausweitet und jenseits eines botanisch kenntnisreichen Blicks um Flora kreist. <br \\\/>Im Forschungsgarten der Universit\\u00e4t werden Pflanzen kultiviert, gesammelt, beforscht, klassifiziert und gezeigt. Der Fotograf nutzt die Vielfalt, Dichte, Ordnung, die Architekturen und Anlagen dieses speziellen Ortes, um \\u00fcberraschende Protagonisten und Situationen f\\u00fcr seine Bildwelt zu finden. Mit Eingriffen vor Ort oder solchen, die erst im Atelier geschehen, wird der ohnehin kulturell geformte Naturraum des Gartens weiter gedehnt und zu einem bildnerischen Kunstraum, in dem Pflanzen und die Bildeinf\\u00e4lle des Fotografen die Hauptrolle spielen.<\\\/p>\",\"margin\":\"default\"}},{\"type\":\"gallery\",\"props\":{\"filter_align\":\"left\",\"filter_all\":true,\"filter_grid_breakpoint\":\"m\",\"filter_grid_width\":\"auto\",\"filter_position\":\"top\",\"filter_style\":\"tab\",\"grid_default\":\"1\",\"grid_medium\":\"2\",\"item_animation\":true,\"lightbox\":true,\"lightbox_bg_close\":true,\"link_style\":\"default\",\"link_text\":\"Klicke hier\",\"margin\":\"default\",\"meta_align\":\"below-title\",\"meta_element\":\"div\",\"meta_style\":\"text-meta\",\"overlay_hover\":true,\"overlay_mode\":\"cover\",\"overlay_position\":\"center\",\"overlay_style\":\"overlay-primary\",\"overlay_transition\":\"fade\",\"show_content\":true,\"show_hover_image\":true,\"show_hover_video\":true,\"show_link\":true,\"show_meta\":true,\"show_title\":true,\"text_align\":\"center\",\"text_color\":\"light\",\"title_element\":\"h3\",\"title_hover_style\":\"reset\"},\"children\":[{\"type\":\"gallery_item\",\"props\":{\"image\":\"wp-content\\\/uploads\\\/sites\\\/3\\\/2025\\\/09\\\/botanical38-scaled.jpg\"}},{\"type\":\"gallery_item\",\"props\":{\"image\":\"wp-content\\\/uploads\\\/sites\\\/3\\\/2025\\\/09\\\/botanical37-scaled.jpg\"}},{\"type\":\"gallery_item\",\"props\":{\"image\":\"wp-content\\\/uploads\\\/sites\\\/3\\\/2025\\\/09\\\/botanical36-scaled.jpg\"}},{\"type\":\"gallery_item\",\"props\":{\"image\":\"wp-content\\\/uploads\\\/sites\\\/3\\\/2025\\\/09\\\/botanical35-scaled.jpg\"}}]},{\"type\":\"text\",\"props\":{\"column_breakpoint\":\"m\",\"content\":\"\n\n<p><\\\/p>\\n\n\n<p>Mit <em>botanical<\\\/em> nimmt sich J\\u00f6rg Wagner die Freiheit, mit der Vielfalt seiner bisher angewandten bildnerischen Mittel zu spielen. Er setzt auf die Lust am Bauen, Collagieren und Inszenieren. Der neugierige Blick auf Pflanzenformen und -behausungen steht gleichwertig neben den Bem\\u00fchungen, diese auf sehr verschiedene Weise ins Bild zu setzen. Dabei ist der Fotograf weniger auf der Suche nach dem einen gelungenen Bild. Er setzt eher auf Menge, geht in Serie, w\\u00e4hlt Varianten und Wiederholungen und l\\u00e4sst bewusst das aufregende neben dem weniger spektakul\\u00e4ren Motiv bestehen.<\\\/p>\\n\n\n<p><\\\/p>\\n\n\n<p><\\\/p>\\n\n\n<p><\\\/p>\",\"margin\":\"default\"}},{\"type\":\"image\",\"props\":{\"image\":\"wp-content\\\/uploads\\\/sites\\\/3\\\/2025\\\/09\\\/botanical12-scaled.jpg\",\"image_svg_color\":\"emphasis\",\"margin\":\"default\"}}]}]}]}],\"version\":\"4.5.0\"} --><\/p>\n","protected":false},"excerpt":{"rendered":"<p>botanical, seit 2023 Ongoing Fotoprojekt im Botanischen Garten der Justus-Liebig-Universit\u00e4t Gie\u00dfen und dar\u00fcber hinaus Das Projekt botanical wird stark vom Prozess angetrieben, wuchert und manifestiert sich in unterschiedlichen Bildversuchen. Der Botanische Garten in Gie\u00dfen ist dabei Kerngebiet f\u00fcr ein fotografisches Vorgehen, das sich r\u00e4umlich ausweitet und jenseits eines botanisch kenntnisreichen Blicks um Flora kreist. Im [&hellip;]<\/p>\n","protected":false},"author":4,"featured_media":0,"comment_status":"closed","ping_status":"open","sticky":false,"template":"","format":"standard","meta":{"footnotes":""},"categories":[6,5],"tags":[],"class_list":["post-1654","post","type-post","status-publish","format-standard","hentry","category-bild","category-projekt"],"_links":{"self":[{"href":"https:\/\/guentherundwagner.de\/wagner\/wp-json\/wp\/v2\/posts\/1654","targetHints":{"allow":["GET"]}}],"collection":[{"href":"https:\/\/guentherundwagner.de\/wagner\/wp-json\/wp\/v2\/posts"}],"about":[{"href":"https:\/\/guentherundwagner.de\/wagner\/wp-json\/wp\/v2\/types\/post"}],"author":[{"embeddable":true,"href":"https:\/\/guentherundwagner.de\/wagner\/wp-json\/wp\/v2\/users\/4"}],"replies":[{"embeddable":true,"href":"https:\/\/guentherundwagner.de\/wagner\/wp-json\/wp\/v2\/comments?post=1654"}],"version-history":[{"count":10,"href":"https:\/\/guentherundwagner.de\/wagner\/wp-json\/wp\/v2\/posts\/1654\/revisions"}],"predecessor-version":[{"id":1721,"href":"https:\/\/guentherundwagner.de\/wagner\/wp-json\/wp\/v2\/posts\/1654\/revisions\/1721"}],"wp:attachment":[{"href":"https:\/\/guentherundwagner.de\/wagner\/wp-json\/wp\/v2\/media?parent=1654"}],"wp:term":[{"taxonomy":"category","embeddable":true,"href":"https:\/\/guentherundwagner.de\/wagner\/wp-json\/wp\/v2\/categories?post=1654"},{"taxonomy":"post_tag","embeddable":true,"href":"https:\/\/guentherundwagner.de\/wagner\/wp-json\/wp\/v2\/tags?post=1654"}],"curies":[{"name":"wp","href":"https:\/\/api.w.org\/{rel}","templated":true}]}}