{"id":116,"date":"2017-10-21T11:22:00","date_gmt":"2017-10-21T09:22:00","guid":{"rendered":"https:\/\/guentherundwagner.de\/guenther\/?p=116"},"modified":"2025-02-21T08:26:03","modified_gmt":"2025-02-21T07:26:03","slug":"textfeld","status":"publish","type":"post","link":"https:\/\/guentherundwagner.de\/guenther\/bild\/textfeld\/","title":{"rendered":"textfeld"},"content":{"rendered":"<p><img decoding=\"async\" src=\"\/guenther\/wp-content\/uploads\/sites\/2\/2022\/10\/Textfeld-7674.jpg\" alt=\"\"><\/p>\n<div>\n<h6>Ausstellungsansichten \u201eab jetzt wollen wir es weit bringen\u201c, KiZ Gie\u00dfen, 2018<\/h6>\n<\/div>\n<h1>\n<h2>textfeld, 2016-18<\/h2>\n<\/h1>\n<div>\n<p>Seit 2012 entstehen Cut-Outs in verschiedenen Formaten, die die Wort von ihrem papierenen Umraum befreien und als Wortgef\u00fcge freistellen. In der Arbeit <em>textfeld<\/em>, die als Wandinstallation in verschiedenen Variationen konzipiert ist, finden Begriffe rund um den Bildfindungsprozess zusammen. Sperrig stehen sie in ihren unterschiedlich gro\u00dfen Rahmen, die ebenso wie ihr Inhalt aus Papier geschnitten sind. Sie umkreisen \u00dcberlegungen zur Bildwerdung und sind dabei selbst die karge Antwort. <br \/>Die einzelnen \u201eBilder\u201c sind bis auf Rahmung und Worte ausged\u00fcnnt, die Begriffe werden zum Bildinhalt, die Texte zur Textur, das Gef\u00fcge auf der Wand zum Bildgeflecht, das sich nicht ohne Stolpern entziffern l\u00e4sst. \u00a0\u00a0\u00a0\u00a0\u00a0\u00a0\u00a0\u00a0\u00a0\u00a0\u00a0\u00a0\u00a0\u00a0\u00a0\u00a0\u00a0\u00a0\u00a0\u00a0\u00a0\u00a0\u00a0\u00a0\u00a0\u00a0\u00a0\u00a0\u00a0\u00a0\u00a0\u00a0\u00a0\u00a0\u00a0\u00a0\u00a0\u00a0\u00a0\u00a0\u00a0\u00a0\u00a0\u00a0\u00a0\u00a0\u00a0\u00a0\u00a0\u00a0\u00a0\u00a0\u00a0\u00a0\u00a0\u00a0\u00a0\u00a0\u00a0 \u00a0\u00a0\u00a0\u00a0\u00a0\u00a0\u00a0\u00a0\u00a0\u00a0\u00a0\u00a0\u00a0\u00a0\u00a0\u00a0\u00a0\u00a0\u00a0\u00a0\u00a0\u00a0\u00a0\u00a0\u00a0\u00a0\u00a0\u00a0\u00a0\u00a0\u00a0\u00a0\u00a0\u00a0\u00a0\u00a0\u00a0\u00a0\u00a0\u00a0\u00a0\u00a0\u00a0\u00a0\u00a0\u00a0\u00a0\u00a0\u00a0\u00a0\u00a0\u00a0\u00a0\u00a0\u00a0\u00a0\u00a0\u00a0\u00a0\u00a0\u00a0\u00a0\u00a0\u00a0\u00a0\u00a0\u00a0<\/p>\n<\/div>\n<ul>\n<li>\n<p>        <img decoding=\"async\" src=\"\/guenther\/wp-content\/uploads\/sites\/2\/2022\/11\/Textfeld-9055-3.jpg\" alt=\"\"><\/p>\n<h3>textfeld_detail<\/h3>\n<\/li>\n<li>\n<p>        <img decoding=\"async\" src=\"\/guenther\/wp-content\/uploads\/sites\/2\/2022\/11\/Textfeld-9055-2.jpg\" alt=\"\"><\/p>\n<h3>textfeld_detail<\/h3>\n<\/li>\n<li>\n<p>        <img decoding=\"async\" src=\"\/guenther\/wp-content\/uploads\/sites\/2\/2022\/11\/Textfeld-7680.jpg\" alt=\"\"><\/p>\n<h3>textfeld_detail<\/h3>\n<\/li>\n<li>\n<p>        <img decoding=\"async\" src=\"\/guenther\/wp-content\/uploads\/sites\/2\/2022\/11\/Textfeld-7697.jpg\" alt=\"\"><\/p>\n<h3>textfeld_Ausstellung_KiZ Gie\u00dfen_2018<\/h3>\n<\/li>\n<li>\n<p>        <img decoding=\"async\" src=\"\/guenther\/wp-content\/uploads\/sites\/2\/2022\/11\/Verben-Textfeld-9053.jpg\" alt=\"\"><\/p>\n<h3>Atelierh\u00e4ngung_2018<\/h3>\n<\/li>\n<li>\n<p>        <img decoding=\"async\" src=\"\/guenther\/wp-content\/uploads\/sites\/2\/2023\/01\/wand-textfeld-trafo-9055.jpg\" alt=\"\"><\/p>\n<h3>wand textfeld trafo-9055<\/h3>\n<\/li>\n<\/ul>\n<div>\n<h6>Ausstellungsansichten &#8222;ab jetzt wollen wir es weit bringen&#8220;, KiZ Gie\u00dfen, + Atelieransicht, 2018<\/h6>\n<\/p>\n<\/div>\n<ul>\n<li>\n<p>        <img decoding=\"async\" src=\"\/guenther\/wp-content\/uploads\/sites\/2\/2022\/11\/Ist-das-der-grosse-Wurf-4792.jpg\" alt=\"\"><\/p>\n<h3>Ist das der gro\u00dfe Wurf-4792<\/h3>\n<\/li>\n<li>\n<p>        <img decoding=\"async\" src=\"\/guenther\/wp-content\/uploads\/sites\/2\/2022\/11\/Ist-das-der-grosse-Wurf-4794.jpg\" alt=\"\"><\/p>\n<h3>Ist das der gro\u00dfe Wurf-4794<\/h3>\n<\/li>\n<\/ul>\n<div>\n<h6>Ausstellungsansicht &#8222;ist das der gro\u00dfe wurf&#8220;, Literaturhaus Halle, 2022<\/h6>\n<\/div>\n<p><!--more--><br \/>\n<!-- {\"type\":\"layout\",\"children\":[{\"type\":\"section\",\"props\":{\"image_position\":\"center-center\",\"style\":\"default\",\"title_breakpoint\":\"xl\",\"title_position\":\"top-left\",\"title_rotation\":\"left\",\"vertical_align\":\"middle\",\"width\":\"default\"},\"children\":[{\"type\":\"row\",\"children\":[{\"type\":\"column\",\"props\":{\"image_position\":\"center-center\",\"media_overlay_gradient\":\"\",\"position_sticky_breakpoint\":\"m\"},\"children\":[{\"type\":\"image\",\"props\":{\"image\":\"wp-content\\\/uploads\\\/sites\\\/2\\\/2022\\\/10\\\/Textfeld-7674.jpg\",\"image_svg_color\":\"emphasis\",\"margin\":\"default\"}},{\"type\":\"text\",\"props\":{\"column_breakpoint\":\"m\",\"content\":\"\n\n<h6>Ausstellungsansichten \\u201eab jetzt wollen wir es weit bringen\\u201c, KiZ Gie\\u00dfen, 2018<\\\/h6>\",\"margin\":\"default\"}},{\"type\":\"headline\",\"props\":{\"content\":\"\n\n<h2>textfeld, 2016-18<\\\/h2>\",\"title_element\":\"h1\"}},{\"type\":\"text\",\"props\":{\"column_breakpoint\":\"m\",\"content\":\"\n\n<p>Seit 2012 entstehen Cut-Outs in verschiedenen Formaten, die die Wort von ihrem papierenen Umraum befreien und als Wortgef\\u00fcge freistellen. In der Arbeit <em>textfeld<\\\/em>, die als Wandinstallation in verschiedenen Variationen konzipiert ist, finden Begriffe rund um den Bildfindungsprozess zusammen. Sperrig stehen sie in ihren unterschiedlich gro\\u00dfen Rahmen, die ebenso wie ihr Inhalt aus Papier geschnitten sind. Sie umkreisen \\u00dcberlegungen zur Bildwerdung und sind dabei selbst die karge Antwort. <br \\\/>Die einzelnen \\u201eBilder\\u201c sind bis auf Rahmung und Worte ausged\\u00fcnnt, die Begriffe werden zum Bildinhalt, die Texte zur Textur, das Gef\\u00fcge auf der Wand zum Bildgeflecht, das sich nicht ohne Stolpern entziffern l\\u00e4sst. \\u00a0\\u00a0\\u00a0\\u00a0\\u00a0\\u00a0\\u00a0\\u00a0\\u00a0\\u00a0\\u00a0\\u00a0\\u00a0\\u00a0\\u00a0\\u00a0\\u00a0\\u00a0\\u00a0\\u00a0\\u00a0\\u00a0\\u00a0\\u00a0\\u00a0\\u00a0\\u00a0\\u00a0\\u00a0\\u00a0\\u00a0\\u00a0\\u00a0\\u00a0\\u00a0\\u00a0\\u00a0\\u00a0\\u00a0\\u00a0\\u00a0\\u00a0\\u00a0\\u00a0\\u00a0\\u00a0\\u00a0\\u00a0\\u00a0\\u00a0\\u00a0\\u00a0\\u00a0\\u00a0\\u00a0\\u00a0\\u00a0\\u00a0\\u00a0 \\u00a0\\u00a0\\u00a0\\u00a0\\u00a0\\u00a0\\u00a0\\u00a0\\u00a0\\u00a0\\u00a0\\u00a0\\u00a0\\u00a0\\u00a0\\u00a0\\u00a0\\u00a0\\u00a0\\u00a0\\u00a0\\u00a0\\u00a0\\u00a0\\u00a0\\u00a0\\u00a0\\u00a0\\u00a0\\u00a0\\u00a0\\u00a0\\u00a0\\u00a0\\u00a0\\u00a0\\u00a0\\u00a0\\u00a0\\u00a0\\u00a0\\u00a0\\u00a0\\u00a0\\u00a0\\u00a0\\u00a0\\u00a0\\u00a0\\u00a0\\u00a0\\u00a0\\u00a0\\u00a0\\u00a0\\u00a0\\u00a0\\u00a0\\u00a0\\u00a0\\u00a0\\u00a0\\u00a0\\u00a0\\u00a0\\u00a0\\u00a0<\\\/p>\",\"margin\":\"default\"}},{\"type\":\"gallery\",\"props\":{\"filter_align\":\"left\",\"filter_all\":true,\"filter_grid_breakpoint\":\"m\",\"filter_grid_width\":\"auto\",\"filter_position\":\"top\",\"filter_style\":\"tab\",\"grid_default\":\"1\",\"grid_medium\":\"2\",\"item_animation\":true,\"lightbox\":true,\"link_style\":\"default\",\"link_text\":\"Klicke hier\",\"margin\":\"default\",\"meta_align\":\"below-title\",\"meta_element\":\"div\",\"meta_style\":\"text-meta\",\"overlay_hover\":true,\"overlay_mode\":\"cover\",\"overlay_position\":\"center\",\"overlay_style\":\"overlay-primary\",\"overlay_transition\":\"fade\",\"parallax_easing\":\"1\",\"show_content\":true,\"show_hover_image\":true,\"show_link\":true,\"show_meta\":true,\"show_title\":false,\"text_align\":\"center\",\"text_color\":\"dark\",\"title_element\":\"h3\",\"title_hover_style\":\"reset\"},\"children\":[{\"type\":\"gallery_item\",\"props\":{\"image\":\"wp-content\\\/uploads\\\/sites\\\/2\\\/2022\\\/11\\\/Textfeld-9055-3.jpg\",\"title\":\"textfeld_detail\"}},{\"type\":\"gallery_item\",\"props\":{\"image\":\"wp-content\\\/uploads\\\/sites\\\/2\\\/2022\\\/11\\\/Textfeld-9055-2.jpg\",\"title\":\"textfeld_detail\"}},{\"type\":\"gallery_item\",\"props\":{\"image\":\"wp-content\\\/uploads\\\/sites\\\/2\\\/2022\\\/11\\\/Textfeld-7680.jpg\",\"image_alt\":\"\",\"title\":\"textfeld_detail\"}},{\"type\":\"gallery_item\",\"props\":{\"image\":\"wp-content\\\/uploads\\\/sites\\\/2\\\/2022\\\/11\\\/Textfeld-7697.jpg\",\"title\":\"textfeld_Ausstellung_KiZ Gie\\u00dfen_2018\"}},{\"type\":\"gallery_item\",\"props\":{\"image\":\"wp-content\\\/uploads\\\/sites\\\/2\\\/2022\\\/11\\\/Verben-Textfeld-9053.jpg\",\"title\":\"Atelierh\\u00e4ngung_2018\"}},{\"type\":\"gallery_item\",\"props\":{\"image\":\"wp-content\\\/uploads\\\/sites\\\/2\\\/2023\\\/01\\\/wand-textfeld-trafo-9055.jpg\",\"title\":\"wand textfeld trafo-9055\"}}]},{\"type\":\"text\",\"props\":{\"column_breakpoint\":\"m\",\"content\":\"\n\n<h6>Ausstellungsansichten \\\"ab jetzt wollen wir es weit bringen\\\", KiZ Gie\\u00dfen, + Atelieransicht, 2018<\\\/h6>\\n\n\n<p><\\\/p>\",\"margin\":\"default\"}},{\"type\":\"gallery\",\"props\":{\"filter_align\":\"left\",\"filter_all\":true,\"filter_grid_breakpoint\":\"m\",\"filter_grid_width\":\"auto\",\"filter_position\":\"top\",\"filter_style\":\"tab\",\"grid_default\":\"1\",\"grid_medium\":\"2\",\"item_animation\":true,\"lightbox\":true,\"link_style\":\"default\",\"link_text\":\"Klicke hier\",\"margin\":\"default\",\"meta_align\":\"below-title\",\"meta_element\":\"div\",\"meta_style\":\"text-meta\",\"overlay_hover\":true,\"overlay_mode\":\"cover\",\"overlay_position\":\"center\",\"overlay_style\":\"overlay-primary\",\"overlay_transition\":\"fade\",\"parallax_easing\":\"1\",\"show_content\":true,\"show_hover_image\":true,\"show_link\":true,\"show_meta\":true,\"show_title\":false,\"text_align\":\"center\",\"text_color\":\"dark\",\"title_element\":\"h3\",\"title_hover_style\":\"reset\"},\"children\":[{\"type\":\"gallery_item\",\"props\":{\"image\":\"wp-content\\\/uploads\\\/sites\\\/2\\\/2022\\\/11\\\/Ist-das-der-grosse-Wurf-4792.jpg\",\"title\":\"Ist das der gro\\u00dfe Wurf-4792\"}},{\"type\":\"gallery_item\",\"props\":{\"image\":\"wp-content\\\/uploads\\\/sites\\\/2\\\/2022\\\/11\\\/Ist-das-der-grosse-Wurf-4794.jpg\",\"title\":\"Ist das der gro\\u00dfe Wurf-4794\"}}]},{\"type\":\"text\",\"props\":{\"column_breakpoint\":\"m\",\"content\":\"\n\n<h6>Ausstellungsansicht \\\"ist das der gro\\u00dfe wurf\\\", Literaturhaus Halle, 2022<\\\/h6>\",\"margin\":\"default\"}}]}]}]}],\"version\":\"3.0.18\"} --><\/p>\n","protected":false},"excerpt":{"rendered":"<p>Ausstellungsansichten \u201eab jetzt wollen wir es weit bringen\u201c, KiZ Gie\u00dfen, 2018 textfeld, 2016-18 Seit 2012 entstehen Cut-Outs in verschiedenen Formaten, die die Wort von ihrem papierenen Umraum befreien und als Wortgef\u00fcge freistellen. In der Arbeit textfeld, die als Wandinstallation in verschiedenen Variationen konzipiert ist, finden Begriffe rund um den Bildfindungsprozess zusammen. Sperrig stehen sie in [&hellip;]<\/p>\n","protected":false},"author":2,"featured_media":329,"comment_status":"closed","ping_status":"open","sticky":false,"template":"","format":"standard","meta":{"footnotes":""},"categories":[18],"tags":[],"class_list":["post-116","post","type-post","status-publish","format-standard","has-post-thumbnail","hentry","category-bild"],"_links":{"self":[{"href":"https:\/\/guentherundwagner.de\/guenther\/wp-json\/wp\/v2\/posts\/116","targetHints":{"allow":["GET"]}}],"collection":[{"href":"https:\/\/guentherundwagner.de\/guenther\/wp-json\/wp\/v2\/posts"}],"about":[{"href":"https:\/\/guentherundwagner.de\/guenther\/wp-json\/wp\/v2\/types\/post"}],"author":[{"embeddable":true,"href":"https:\/\/guentherundwagner.de\/guenther\/wp-json\/wp\/v2\/users\/2"}],"replies":[{"embeddable":true,"href":"https:\/\/guentherundwagner.de\/guenther\/wp-json\/wp\/v2\/comments?post=116"}],"version-history":[{"count":10,"href":"https:\/\/guentherundwagner.de\/guenther\/wp-json\/wp\/v2\/posts\/116\/revisions"}],"predecessor-version":[{"id":1598,"href":"https:\/\/guentherundwagner.de\/guenther\/wp-json\/wp\/v2\/posts\/116\/revisions\/1598"}],"wp:featuredmedia":[{"embeddable":true,"href":"https:\/\/guentherundwagner.de\/guenther\/wp-json\/wp\/v2\/media\/329"}],"wp:attachment":[{"href":"https:\/\/guentherundwagner.de\/guenther\/wp-json\/wp\/v2\/media?parent=116"}],"wp:term":[{"taxonomy":"category","embeddable":true,"href":"https:\/\/guentherundwagner.de\/guenther\/wp-json\/wp\/v2\/categories?post=116"},{"taxonomy":"post_tag","embeddable":true,"href":"https:\/\/guentherundwagner.de\/guenther\/wp-json\/wp\/v2\/tags?post=116"}],"curies":[{"name":"wp","href":"https:\/\/api.w.org\/{rel}","templated":true}]}}